{"id":2827,"date":"2018-04-04T10:33:00","date_gmt":"2018-04-04T13:33:00","guid":{"rendered":"http:\/\/blogdoedvaldomagalhaes.com.br\/index.php\/2018\/04\/04\/acic-completa-98-anos-de-historia\/"},"modified":"2019-02-09T02:08:00","modified_gmt":"2019-02-09T04:08:00","slug":"acic-completa-98-anos-de-historia","status":"publish","type":"post","link":"https:\/\/blogdoedvaldomagalhaes.com.br\/index.php\/2018\/04\/04\/acic-completa-98-anos-de-historia\/","title":{"rendered":"Acic completa 98 anos de hist\u00f3ria dedicada ao desenvolvimento econ\u00f4mico e social de Caruaru"},"content":{"rendered":"<div class=\"separator\" style=\"clear: both; text-align: center;\">\n<a href=\"https:\/\/2.bp.blogspot.com\/-1gFvQsCNvfI\/WsSpw7XJTHI\/AAAAAAAAtek\/NlAWy9If3NkF0tafP6PnNT-u2WbnU7yOgCLcBGAs\/s1600\/acic.jpg\" imageanchor=\"1\" style=\"margin-left: 1em; margin-right: 1em;\"><img loading=\"lazy\" decoding=\"async\" border=\"0\" data-original-height=\"731\" data-original-width=\"1024\" height=\"452\" src=\"http:\/\/blogdoedvaldomagalhaes.com.br\/wp-content\/uploads\/2018\/04\/acic.jpg\" width=\"640\" \/><\/a><\/div>\n<p><\/p>\n<div style=\"background-color: white; box-sizing: border-box; line-height: 24px; margin-bottom: 10px; text-align: justify;\">\nA Associa\u00e7\u00e3o Comercial e Empresarial de Caruaru (Acic) completa 98 anos de hist\u00f3ria nesta quarta-feira (04). A entidade foi fundada em 1920 quando Caruaru j\u00e1 era uma das cidades mais promissoras de Pernambuco.<\/div>\n<div style=\"background-color: white; box-sizing: border-box; line-height: 24px; margin-bottom: 10px; text-align: justify;\">\nNa \u00e9poca, a cidade se destacava no interior por seu potencial econ\u00f4mico, principalmente no setor do com\u00e9rcio, e tinha sua feira j\u00e1 conhecida em todo o Nordeste, pois atra\u00eda pessoas de toda a regi\u00e3o.<\/div>\n<div style=\"background-color: white; box-sizing: border-box; line-height: 24px; margin-bottom: 10px; text-align: justify;\">\nAp\u00f3s 98 anos, seu potencial, constru\u00eddo com muito afinco por gera\u00e7\u00f5es de empres\u00e1rios, \u00e9 reconhecido em todo o Brasil. A Acic \u00e9 a maior associa\u00e7\u00e3o comercial do Norte\/Nordeste, com mais de 2.000 empresas associadas.<\/div>\n<div style=\"background-color: white; box-sizing: border-box; line-height: 24px; margin-bottom: 10px; text-align: justify;\">\n<strong style=\"box-sizing: border-box;\">Nota Acic<\/strong><\/div>\n<div style=\"background-color: white; box-sizing: border-box; line-height: 24px; margin-bottom: 10px; text-align: justify;\">\nNesta quarta-feira, 04 de abril, a Associa\u00e7\u00e3o Comercial e Empresarial de Caruaru completa 98 anos de hist\u00f3ria. Foi no in\u00edcio do s\u00e9culo XX, quando Caruaru j\u00e1 era uma das cidades mais promissoras de Pernambuco, destacava-se no interior por seu potencial econ\u00f4mico, principalmente no setor do com\u00e9rcio, e tinha a sua feira j\u00e1 conhecida em todo o Nordeste, pois atra\u00eda para a cidade pessoas de toda a regi\u00e3o, principalmente dos estados da Para\u00edba e de Alagoas, para fazer neg\u00f3cios com os empres\u00e1rios locais, que Manoel de Freitas, um empreendedor de sucesso, viu a necessidade de unir a classe e, em 1920, fundou a Associa\u00e7\u00e3o Comercial de Caruaru.<\/div>\n<div style=\"background-color: white; box-sizing: border-box; line-height: 24px; margin-bottom: 10px; text-align: justify;\">\nCom o passar dos anos, Caruaru cresceu ainda mais e passou a atrair ind\u00fastrias. Assim, a ACC passou a se chamar Associa\u00e7\u00e3o Comercial e Industrial de Caruaru. Manoel Galindo foi o empres\u00e1rio que por mais tempo esteve \u00e0 frente da presid\u00eancia da Acic (1972 a 1973\/ 1976 a 1993. Ele enfatiza o crescimento exponencial que a Acic teve durante sua gest\u00e3o: \u201dNaquela \u00e9poca, o trabalho foi muito dif\u00edcil, pois os comerciantes e empres\u00e1rios n\u00e3o tinham tanto esclarecimento sobre a import\u00e2ncia do associativismo. Durante a minha gest\u00e3o, tivemos o grande \u00eaxito de aumentar o n\u00famero de associados, consideravelmente. Todo empres\u00e1rio deveria se associar \u00e0 Acic, pois \u00e9 uma necessidade. A entidade \u00e9 forte e coerente em tudo o que faz, porque orienta do micro ao grande empres\u00e1rio\u201d.<\/div>\n<div style=\"background-color: white; box-sizing: border-box; line-height: 24px; margin-bottom: 10px; text-align: justify;\">\nA for\u00e7a da Associa\u00e7\u00e3o fez despertar nos jovens empres\u00e1rios de Caruaru o desejo pelo associativismo. Assim, em 1994, durante a gest\u00e3o de Jos\u00e9 Leite Galv\u00e3o (1994-1995\/1996-1997), surgiu o Neje, N\u00facleo Especial de Jovens Executivos, hoje Acic Jovem, que teve Andrerson Porto como primeiro presidente. \u201cA forma\u00e7\u00e3o do grupo era um desejo nosso, mas tamb\u00e9m uma determina\u00e7\u00e3o da CACB (Confedera\u00e7\u00e3o das Associa\u00e7\u00f5es Comerciais do Brasil) de que cada entidade deveria implantar um n\u00facleo jovem com o objetivo de garantir a renova\u00e7\u00e3o de seus quadros sociais. Dessa forma, formamos o Neje com 13 empres\u00e1rios. Hoje, a Acic Jovem mant\u00e9m o objetivo primeiro do Neje que \u00e9 o de reunir as novas gera\u00e7\u00f5es de empres\u00e1rios em prol do crescimento coletivo e do desenvolvimento econ\u00f4mico e social de Caruaru e regi\u00e3o\u201d, ressalta Andrerson.<\/div>\n<div style=\"background-color: white; box-sizing: border-box; line-height: 24px; margin-bottom: 10px; text-align: justify;\">\nHoje, a Acic, que passou a adotar o termo Empresarial em seu nome, em substitui\u00e7\u00e3o ao Industrial, mas mantendo a mesma sigla, entendeu que o seu objetivo \u00e9 muito mais amplo. \u201cTemos como meta fortalecer todos os setores da nossa economia, atrav\u00e9s dos servi\u00e7os e dos muitos eventos que promovemos durante o ano. Essa \u00e9 a principal premissa do associativismo: a colabora\u00e7\u00e3o m\u00fatua entre os empres\u00e1rios para que os resultados sejam positivos para todos\u201d, ressalta Pedro Miranda, presidente da Acic.<\/div>\n<p><\/p>\n<div class=\"sharedaddy sd-sharing-enabled\" style=\"background-color: white; box-sizing: border-box; clear: both;\">\n<\/div>\n<p><\/p>\n<div style=\"-webkit-text-stroke-width: 0px; background-color: white; box-sizing: border-box; font-style: normal; font-variant-caps: normal; font-variant-ligatures: normal; font-weight: 400; letter-spacing: normal; line-height: 24px; margin: 0px 0px 10px; orphans: 2; text-align: justify; text-decoration-color: initial; text-decoration-style: initial; text-indent: 0px; text-transform: none; white-space: normal; widows: 2; word-spacing: 0px;\">\nAp\u00f3s 98 anos, seu potencial, constru\u00eddo com muito afinco por gera\u00e7\u00f5es de empres\u00e1rios, \u00e9 reconhecido em todo o Brasil. A Acic \u00e9 a maior associa\u00e7\u00e3o comercial do Norte\/Nordeste, com mais de 2000 empresas associadas. \u00c9 refer\u00eancia para outras entidades da regi\u00e3o que fazem quest\u00e3o de visitar a institui\u00e7\u00e3o caruaruense em busca de novos conhecimentos acerca do empreendedorismo e do associativismo.<\/div>\n","protected":false},"excerpt":{"rendered":"<p>A Associa\u00e7\u00e3o Comercial e Empresarial de Caruaru (Acic) completa 98 anos de hist\u00f3ria nesta quarta-feira (04). A entidade foi fundada&hellip;<\/p>\n","protected":false},"author":1,"featured_media":0,"comment_status":"open","ping_status":"open","sticky":false,"template":"","format":"standard","meta":{"footnotes":""},"categories":[1],"tags":[3122,2,6,1950],"class_list":["post-2827","post","type-post","status-publish","format-standard","hentry","category-sem-categoria","tag-acic-completa-98-anos-de-historia-dedicada-ao-desenvolvimento-economico-e-social-de-caruaru","tag-blog-do-edvaldo-magalhaes","tag-noticias","tag-noticias-de-caruaru"],"_links":{"self":[{"href":"https:\/\/blogdoedvaldomagalhaes.com.br\/index.php\/wp-json\/wp\/v2\/posts\/2827","targetHints":{"allow":["GET"]}}],"collection":[{"href":"https:\/\/blogdoedvaldomagalhaes.com.br\/index.php\/wp-json\/wp\/v2\/posts"}],"about":[{"href":"https:\/\/blogdoedvaldomagalhaes.com.br\/index.php\/wp-json\/wp\/v2\/types\/post"}],"author":[{"embeddable":true,"href":"https:\/\/blogdoedvaldomagalhaes.com.br\/index.php\/wp-json\/wp\/v2\/users\/1"}],"replies":[{"embeddable":true,"href":"https:\/\/blogdoedvaldomagalhaes.com.br\/index.php\/wp-json\/wp\/v2\/comments?post=2827"}],"version-history":[{"count":1,"href":"https:\/\/blogdoedvaldomagalhaes.com.br\/index.php\/wp-json\/wp\/v2\/posts\/2827\/revisions"}],"predecessor-version":[{"id":29534,"href":"https:\/\/blogdoedvaldomagalhaes.com.br\/index.php\/wp-json\/wp\/v2\/posts\/2827\/revisions\/29534"}],"wp:attachment":[{"href":"https:\/\/blogdoedvaldomagalhaes.com.br\/index.php\/wp-json\/wp\/v2\/media?parent=2827"}],"wp:term":[{"taxonomy":"category","embeddable":true,"href":"https:\/\/blogdoedvaldomagalhaes.com.br\/index.php\/wp-json\/wp\/v2\/categories?post=2827"},{"taxonomy":"post_tag","embeddable":true,"href":"https:\/\/blogdoedvaldomagalhaes.com.br\/index.php\/wp-json\/wp\/v2\/tags?post=2827"}],"curies":[{"name":"wp","href":"https:\/\/api.w.org\/{rel}","templated":true}]}}