{"id":2824,"date":"2018-04-04T20:38:00","date_gmt":"2018-04-04T23:38:00","guid":{"rendered":"http:\/\/blogdoedvaldomagalhaes.com.br\/index.php\/2018\/04\/04\/mobilidade-arena-divulga-esquema\/"},"modified":"2019-02-09T02:08:01","modified_gmt":"2019-02-09T04:08:01","slug":"mobilidade-arena-divulga-esquema","status":"publish","type":"post","link":"https:\/\/blogdoedvaldomagalhaes.com.br\/index.php\/2018\/04\/04\/mobilidade-arena-divulga-esquema\/","title":{"rendered":"Mobilidade Arena divulga esquema especial montado para final do Campeonato Pernambucano"},"content":{"rendered":"<div class=\"separator\" style=\"clear: both; text-align: center;\">\n<a href=\"https:\/\/4.bp.blogspot.com\/-UayjGs9wUx8\/WsU3KHE5f9I\/AAAAAAAAtg8\/z56DDWvcYt8h__HEYPnKQ8EQInGIyYxPACLcBGAs\/s1600\/arena.jpeg\" imageanchor=\"1\" style=\"margin-left: 1em; margin-right: 1em;\"><img loading=\"lazy\" decoding=\"async\" border=\"0\" data-original-height=\"313\" data-original-width=\"470\" height=\"426\" src=\"http:\/\/blogdoedvaldomagalhaes.com.br\/wp-content\/uploads\/2018\/04\/arena.jpeg\" width=\"640\" \/><\/a><\/div>\n<p><\/p>\n<div style=\"background-color: white; border: 0px; margin-bottom: 1.5em; outline: 0px; padding: 0px; text-align: justify; vertical-align: baseline;\">\nA final do Campeonato Pernambucano ocorre no pr\u00f3ximo domingo (08), \u00e0s 16h, na Arena Pernambuco, entre N\u00e1utico e Central e a expectativa \u00e9 que cerca de 42 mil torcedores compare\u00e7am ao est\u00e1dio. Para atender a todo esse p\u00fablico, o Grupo de Trabalho Mobilidade Arena Pernambuco definiu um esquema especial para garantir a mobilidade e procura estimular o uso do transporte coletivo tanto para a ida quanto a volta da partida.<\/div>\n<div style=\"background-color: white; border: 0px; margin-bottom: 1.5em; outline: 0px; padding: 0px; text-align: justify; vertical-align: baseline;\">\nO GT Mobilidade \u00e9 formado por \u00f3rg\u00e3os de governos municipais, estadual e federal que possuem atividades relacionadas \u00e0 Arena Pernambuco, tais como Companhia Brasileira de Trens Urbanos (CBTU), Pol\u00edcia Rodovi\u00e1ria Federal (PRF), Grande Recife Cons\u00f3rcio de Transporte, Departamento Estadual de Tr\u00e2nsito de Pernambuco (Detran-PE), Departamento de Estradas de Rodagem (DER-PE), Ag\u00eancia Pernambucana de Vigil\u00e2ncia Sanit\u00e1ria (Apevisa), Batalh\u00e3o de Pol\u00edcia de Tr\u00e2nsito (BPTran), Pol\u00edcia Militar, Autarquia de Tr\u00e2nsito e Transporte Urbano do Recife (CTTU), Prefeitura de S\u00e3o Louren\u00e7o da Mata, Arena Pernambuco e clubes.<\/div>\n<div style=\"background-color: white; border: 0px; margin-bottom: 1.5em; outline: 0px; padding: 0px; text-align: justify; vertical-align: baseline;\">\nConfira todas as op\u00e7\u00f5es de chegar at\u00e9 a Arena de Pernambuco:<\/div>\n<div style=\"background-color: white; border: 0px; margin-bottom: 1.5em; outline: 0px; padding: 0px; text-align: justify; vertical-align: baseline;\">\nMetr\u00f4 \u2013 Se o torcedor optar pelo metr\u00f4, ele deve desembarcar na Esta\u00e7\u00e3o Cosme e Dami\u00e3o e acessar o Terminal Integrado de mesmo nome. O valor da tarifa do metr\u00f4 \u00e9 R$ 1,60. A Companhia Brasileira de Trens Urbanos (CBTU) informa que ser\u00e3o disponibilizados 12 composi\u00e7\u00f5es de metr\u00f4 com intervalos de oito minutos para atender a demanda.<\/div>\n<div style=\"background-color: white; border: 0px; margin-bottom: 1.5em; outline: 0px; padding: 0px; text-align: justify; vertical-align: baseline;\">\nVindo do metr\u00f4, j\u00e1 dentro do TI, o usu\u00e1rio deve utilizar a linha especial 047 \u2013 TI Cosme e Dami\u00e3o\/Arena, que estar\u00e1 \u00e0 disposi\u00e7\u00e3o do torcedor a partir das 12h. Ser\u00e3o 16 ve\u00edculos que levar\u00e3o o torcedor at\u00e9 o est\u00e1dio. Para ter acesso ao servi\u00e7o, pulseiras ser\u00e3o vendidas antecipadamente no valor de R$3,20. O servi\u00e7o pode ser adquirido tanto em dinheiro quanto por meio do cart\u00e3o VEM Trabalhador ou Comum, no TI Cosme e Dami\u00e3o. \u00c9 importante lembrar que como se trata de uma linha especial, a tarifa ser\u00e1 cobrada integralmente e n\u00e3o haver\u00e1 gratuidade, nem abatimento tarif\u00e1rio. Logo ap\u00f3s o t\u00e9rmino do jogo, o usu\u00e1rio dever\u00e1 embarcar na mesma linha 047 para voltar para casa.<\/div>\n<div style=\"background-color: white; border: 0px; margin-bottom: 1.5em; outline: 0px; padding: 0px; text-align: justify; vertical-align: baseline;\">\nBRT \u2013 Para a ida, os torcedores podem utilizar, a partir das 12h do domingo (08), a linha especial Expresso Derby\/Arena, que sai da Pra\u00e7a do Derby, e que contar\u00e1 com ve\u00edculos com ar-condicionado. O usu\u00e1rio deve ficar atento, pois a \u00faltima viagem com destino \u00e0 Arena ser\u00e1 \u00e0s 15h. O valor da pulseira \u00e9 R$ 15,00 (ida e volta) e ser\u00e1 adquirida no mesmo local. \u00c9 importante lembrar ao usu\u00e1rio que, no retorno para casa, ele deve embarcar no mesmo lugar onde desembarcou no est\u00e1dio, e o BRT far\u00e1 o percurso inverso.<\/div>\n<div style=\"background-color: white; border: 0px; margin-bottom: 1.5em; outline: 0px; padding: 0px; text-align: justify; vertical-align: baseline;\">\nExpresso Shopping Tacaruna\/Arena \u2013 Para aqueles que desejarem ir ao est\u00e1dio saindo do Shopping Tacaruna, o Cons\u00f3rcio disponibilizar\u00e1 quatro \u00f4nibus no modelo rodovi\u00e1rio com ar-condicionado, a partir das 12h, que levar\u00e3o os torcedores \u00e0 Arena de Pernambuco. \u00c9 importante lembrar que a \u00faltima viagem com destino ao est\u00e1dio ser\u00e1 \u00e0s 14h20. O valor da pulseira \u00e9 R$ 20 (ida e volta) e ser\u00e1 adquirida na s\u00e1pida do estacionamento do shopping E1-B, no lado da avenida Agamenon Magalh\u00e3es. Na volta para casa, o usu\u00e1rio deve embarcar no mesmo lugar onde desembarcou no est\u00e1dio.<\/div>\n<div style=\"background-color: white; border: 0px; margin-bottom: 1.5em; outline: 0px; padding: 0px; text-align: justify; vertical-align: baseline;\">\nExpresso Shopping Recife\/Arena \u2013 Para os usu\u00e1rios que desejarem ir ao est\u00e1dio saindo do Shopping Recife, o Cons\u00f3rcio disponibilizar\u00e1 quatro \u00f4nibus no modelo com ar-condicionado, a partir das 12h, que levar\u00e3o os torcedores \u00e0 Arena de Pernambuco. \u00c9 importante lembrar que a \u00faltima viagem com destino ao est\u00e1dio ser\u00e1 \u00e0s 14h20. O valor da pulseira \u00e9 R$ 20 (ida e volta) e ser\u00e1 adquirida no Parque das Esculturas, localizado dentro do Shopping Recife. Na volta para casa, o usu\u00e1rio deve embarcar no mesmo lugar onde desembarcou no est\u00e1dio.<\/div>\n<div style=\"background-color: white; border: 0px; margin-bottom: 1.5em; outline: 0px; padding: 0px; text-align: justify; vertical-align: baseline;\">\nCentral de Atendimento ao Cliente \u2013 Em caso de d\u00favidas sobre o transporte coletivo, os passageiros podem entrar em contato com o Grande Recife Cons\u00f3rcio de Transporte, por meio da Central de Atendimento ao Cliente, pelo telefone 0800.081.0158 .<\/div>\n<div style=\"background-color: white; border: 0px; margin-bottom: 1.5em; outline: 0px; padding: 0px; vertical-align: baseline;\">\n<\/div>\n<div style=\"text-align: justify;\">\nEstacionamento \u2013 A Arena Pernambuco possui 4 mil vagas carros\/vans e 100 vagas \u00f4nibus. No domingo (08), os estacionamentos estar\u00e3o abertos a partir das 10h, duas horas mais cedo do que o hor\u00e1rio tradicional.<\/div>\n<div style=\"text-align: justify;\">\nPara facilitar a entrada dos torcedores, os port\u00f5es da arena abrir\u00e3o 13h, uma hora mais cedo do que o hor\u00e1rio de costume.<\/div>\n<p><\/p>\n<div style=\"background-color: white; border: 0px; margin-bottom: 1.5em; outline: 0px; padding: 0px; text-align: justify; vertical-align: baseline;\">\nAs vagas de estacionamento da Arena est\u00e3o sendo vendidas antecipadamente na sede do N\u00e1utico, no bairro dos Aflitos, ou pelo link: http:\/\/premius.agenciabravos.com.br. O valor \u00e9 R$ 10,00 para motos; R$ 20,00 para carros e vans e R$ 40,00 para \u00f4nibus. O setor Subsolo 2 j\u00e1 est\u00e1 esgotado.<\/div>\n<div style=\"background-color: white; border: 0px; margin-bottom: 1.5em; outline: 0px; padding: 0px; text-align: justify; vertical-align: baseline;\">\nA torcida do N\u00e1utico utilizar\u00e1 os estacionamentos azul, amarelo, laranja, verde e subsolo 2, enquanto a torcida do Central ficar\u00e1 no estacionamento anexo ao estacionamento da imprensa.<\/div>\n<div style=\"background-color: white; border: 0px; margin-bottom: 1.5em; outline: 0px; padding: 0px; text-align: justify; vertical-align: baseline;\">\nCamaragibe \u2013 Quem optar por seguir para a Arena por Camaragibe vai contar na ida com tr\u00eas faixas da avenida Belmino Correia (PE-05) liberadas para o sentido do est\u00e1dio a partir do Mercado P\u00fablico. Ao t\u00e9rmino da partida, as tr\u00eas faixas estar\u00e3o liberadas no sentido inverso. A ideia \u00e9 garantir mais fluidez no tr\u00e1fego, sendo uma boa op\u00e7\u00e3o para quem para a Arena pela avenida Caxang\u00e1.<\/div>\n<div style=\"background-color: white; border: 0px; margin-bottom: 1.5em; outline: 0px; padding: 0px; text-align: justify; vertical-align: baseline;\">\nLombadas eletr\u00f4nicas \u2013 O Departamento Estadual de Estradas de Rodagem de Pernambuco (DER-PE) informa que, a partir das 10h do pr\u00f3ximo domingo (08), as lombadas eletr\u00f4nicas no sentido Arena Pernambuco estar\u00e3o desligadas. Ser\u00e3o religadas \u00e0s 5h da segunda-feira (09).<\/div>\n<div style=\"background-color: white; border: 0px; margin-bottom: 1.5em; outline: 0px; padding: 0px; text-align: justify; vertical-align: baseline;\">\nPoliciamento \u2013 Haver\u00e1 refor\u00e7o na seguran\u00e7a, por meio do 12\u00ba Batalh\u00e3o de Pol\u00edcia Militar, no Terminal Integrado Cosme e Dami\u00e3o, tanto na ida dos torcedores para a Arena, quanto na volta.<\/div>\n<div style=\"background-color: white; border: 0px; margin-bottom: 1.5em; outline: 0px; padding: 0px; text-align: justify; vertical-align: baseline;\">\nA Pol\u00edcia Rodovi\u00e1ria Federal (PRF) ter\u00e1 cinco viaturas e quatro motociclistas no dia do jogo dando suporte e atuar\u00e1 tamb\u00e9m coibindo estacionamentos irregulares.<\/div>\n<div style=\"background-color: white; border: 0px; margin-bottom: 1.5em; outline: 0px; padding: 0px; text-align: justify; vertical-align: baseline;\">\nA Arena de Pernambuco lembra que \u00e9 proibido estacionar no entorno do est\u00e1dio e arredores. Os ve\u00edculos que estiverem em local proibido sofrer\u00e3o as san\u00e7\u00f5es previstas em lei.<\/div>\n<div style=\"background-color: white; border: 0px; margin-bottom: 1.5em; outline: 0px; padding: 0px; text-align: justify; vertical-align: baseline;\">\nCTTU \u2013 A Autarquia de Tr\u00e2nsito e Transporte Urbano do Recife (CTTU) vai disponibilizar 28 agentes de tr\u00e2nsito que ficar\u00e3o em diversos pontos do trajeto at\u00e9 a Arena.<\/div>\n<p><\/p>\n<div style=\"background-color: white; border: 0px; float: none; margin: 10px 0px; outline: 0px; padding: 0px; text-align: center; vertical-align: baseline;\">\n<\/div>\n<div style=\"background-color: white; border: 0px; clear: both; height: 0px; line-height: 0px; margin: 0px; outline: 0px; padding: 0px; vertical-align: baseline;\">\n<\/div>\n<p><\/p>\n<div style=\"-webkit-text-stroke-width: 0px; background-color: white; border: 0px; font-style: normal; font-variant-caps: normal; font-variant-ligatures: normal; font-weight: 400; letter-spacing: normal; margin: 0px 0px 1.5em; orphans: 2; outline: 0px; padding: 0px; text-align: justify; text-decoration-color: initial; text-decoration-style: initial; text-indent: 0px; text-transform: none; vertical-align: baseline; white-space: normal; widows: 2; word-spacing: 0px;\">\nVigil\u00e2ncia Sanit\u00e1ria \u2013 A Ag\u00eancia Pernambucana de Vigil\u00e2ncia Sanit\u00e1ria (Apevisa) realizar\u00e1 opera\u00e7\u00e3o regular junto com parceiros no dia do jogo em coopera\u00e7\u00e3o com a Vigil\u00e2ncia Sanit\u00e1ria de S\u00e3o Louren\u00e7o da Mata, que tamb\u00e9m estar\u00e1 presente com agentes de controle urbano.<\/div>\n","protected":false},"excerpt":{"rendered":"<p>A final do Campeonato Pernambucano ocorre no pr\u00f3ximo domingo (08), \u00e0s 16h, na Arena Pernambuco, entre N\u00e1utico e Central e&hellip;<\/p>\n","protected":false},"author":1,"featured_media":0,"comment_status":"open","ping_status":"open","sticky":false,"template":"","format":"standard","meta":{"footnotes":""},"categories":[1],"tags":[2,3,3117],"class_list":["post-2824","post","type-post","status-publish","format-standard","hentry","category-sem-categoria","tag-blog-do-edvaldo-magalhaes","tag-futebol","tag-mobilidade-arena-divulga-esquema-especial-montado-para-final-do-campeonato-pernambucano"],"_links":{"self":[{"href":"https:\/\/blogdoedvaldomagalhaes.com.br\/index.php\/wp-json\/wp\/v2\/posts\/2824","targetHints":{"allow":["GET"]}}],"collection":[{"href":"https:\/\/blogdoedvaldomagalhaes.com.br\/index.php\/wp-json\/wp\/v2\/posts"}],"about":[{"href":"https:\/\/blogdoedvaldomagalhaes.com.br\/index.php\/wp-json\/wp\/v2\/types\/post"}],"author":[{"embeddable":true,"href":"https:\/\/blogdoedvaldomagalhaes.com.br\/index.php\/wp-json\/wp\/v2\/users\/1"}],"replies":[{"embeddable":true,"href":"https:\/\/blogdoedvaldomagalhaes.com.br\/index.php\/wp-json\/wp\/v2\/comments?post=2824"}],"version-history":[{"count":1,"href":"https:\/\/blogdoedvaldomagalhaes.com.br\/index.php\/wp-json\/wp\/v2\/posts\/2824\/revisions"}],"predecessor-version":[{"id":29540,"href":"https:\/\/blogdoedvaldomagalhaes.com.br\/index.php\/wp-json\/wp\/v2\/posts\/2824\/revisions\/29540"}],"wp:attachment":[{"href":"https:\/\/blogdoedvaldomagalhaes.com.br\/index.php\/wp-json\/wp\/v2\/media?parent=2824"}],"wp:term":[{"taxonomy":"category","embeddable":true,"href":"https:\/\/blogdoedvaldomagalhaes.com.br\/index.php\/wp-json\/wp\/v2\/categories?post=2824"},{"taxonomy":"post_tag","embeddable":true,"href":"https:\/\/blogdoedvaldomagalhaes.com.br\/index.php\/wp-json\/wp\/v2\/tags?post=2824"}],"curies":[{"name":"wp","href":"https:\/\/api.w.org\/{rel}","templated":true}]}}