{"id":282,"date":"2019-01-04T15:09:00","date_gmt":"2019-01-04T17:09:00","guid":{"rendered":"http:\/\/blogdoedvaldomagalhaes.com.br\/index.php\/2019\/01\/04\/assartic-com-inscricoes-abertas-para\/"},"modified":"2019-02-09T02:48:36","modified_gmt":"2019-02-09T04:48:36","slug":"assartic-com-inscricoes-abertas-para","status":"publish","type":"post","link":"https:\/\/blogdoedvaldomagalhaes.com.br\/index.php\/2019\/01\/04\/assartic-com-inscricoes-abertas-para\/","title":{"rendered":"Assartic com inscri\u00e7\u00f5es abertas para Oficina de Teatro em Caruaru"},"content":{"rendered":"<div class=\"separator\" style=\"clear: both; text-align: center;\">\n<a href=\"https:\/\/3.bp.blogspot.com\/-VLGneUlGUw0\/XC929XgmTeI\/AAAAAAABAxU\/CDZmHjEQBCgrmQjo-FU91BNdwxayj_RIQCLcBGAs\/s1600\/assartic.jpg\" imageanchor=\"1\" style=\"margin-left: 1em; margin-right: 1em;\"><img loading=\"lazy\" decoding=\"async\" border=\"0\" data-original-height=\"368\" data-original-width=\"500\" height=\"470\" src=\"http:\/\/blogdoedvaldomagalhaes.com.br\/wp-content\/uploads\/2019\/01\/assartic.jpg\" width=\"640\" \/><\/a><\/div>\n<div style=\"background-color: white; color: #222222; text-align: justify;\">\n<\/div>\n<div style=\"background-color: white; color: #222222; text-align: justify;\">\nA&nbsp;ASSARTIC &#8211; Associa\u00e7\u00e3o dos Artistas de Caruaru abre inscri\u00e7\u00f5es para a Oficina de Inicia\u00e7\u00e3o Teatral em Caruaru. As aulas ser\u00e3o realizadas no Teatro Jo\u00e3o Lyra Filho nas segundas e ter\u00e7as dos meses de janeiro, fevereiro, mar\u00e7o, abril e maio.<\/div>\n<div style=\"background-color: white; color: #222222; text-align: justify;\">\n<\/div>\n<div style=\"background-color: white; color: #222222; text-align: justify;\">\nO valor do investimento total \u00e9 de R$ 120,00 (que podem ser parcelados em 2 x R$60,00). A classifica\u00e7\u00e3o \u00e9 livre e as inscri\u00e7\u00f5es dever ser realizadas pelo link (&nbsp;<a data-saferedirecturl=\"https:\/\/www.google.com\/url?q=https:\/\/goo.gl\/forms\/RSEYZO41Y3tpdytq2&amp;source=gmail&amp;ust=1546700567507000&amp;usg=AFQjCNGzEr3R_4oxOcBU41cxzlIX8gWQrw\" href=\"https:\/\/goo.gl\/forms\/RSEYZO41Y3tpdytq2\" style=\"color: #1155cc;\" target=\"_blank\">https:\/\/goo.gl\/forms\/RSEYZO41Y3tpdytq2<\/a>&nbsp;) ou pelo Whattsapp: 81 987993223.<\/div>\n<div style=\"background-color: white; color: #222222; text-align: justify;\">\n<\/div>\n<div style=\"background-color: white; color: #222222; text-align: justify;\">\nDurante a oficina, os participantes aprender\u00e3o t\u00e9cnicas de interpreta\u00e7\u00e3o, express\u00e3o corporal, Hist\u00f3ria do Teatro, elementos t\u00e9cnicos (maquiagem, luz, cenografia, etc.) e participar\u00e3o da montagem de um espet\u00e1culo que ser\u00e1 apresentado ao grande p\u00fablico no final das aulas. A oficina \u00e9 realizada pela ASSARTIC com apoio da Cia Bacurau Cultural e tem como oficineiros: J\u00f4 Albuquerque, T\u00falio Beat, Paulo Concei\u00e7\u00e3o e Lucas Motta.&nbsp;<\/div>\n<div style=\"background-color: white; color: #222222; text-align: justify;\">\n<\/div>\n","protected":false},"excerpt":{"rendered":"<p>A&nbsp;ASSARTIC &#8211; Associa\u00e7\u00e3o dos Artistas de Caruaru abre inscri\u00e7\u00f5es para a Oficina de Inicia\u00e7\u00e3o Teatral em Caruaru. As aulas ser\u00e3o&hellip;<\/p>\n","protected":false},"author":1,"featured_media":0,"comment_status":"open","ping_status":"open","sticky":false,"template":"","format":"standard","meta":{"footnotes":""},"categories":[1],"tags":[283,2,6],"class_list":["post-282","post","type-post","status-publish","format-standard","hentry","category-sem-categoria","tag-assartic-com-inscricoes-abertas-para-oficina-de-teatro-em-caruaru","tag-blog-do-edvaldo-magalhaes","tag-noticias"],"_links":{"self":[{"href":"https:\/\/blogdoedvaldomagalhaes.com.br\/index.php\/wp-json\/wp\/v2\/posts\/282","targetHints":{"allow":["GET"]}}],"collection":[{"href":"https:\/\/blogdoedvaldomagalhaes.com.br\/index.php\/wp-json\/wp\/v2\/posts"}],"about":[{"href":"https:\/\/blogdoedvaldomagalhaes.com.br\/index.php\/wp-json\/wp\/v2\/types\/post"}],"author":[{"embeddable":true,"href":"https:\/\/blogdoedvaldomagalhaes.com.br\/index.php\/wp-json\/wp\/v2\/users\/1"}],"replies":[{"embeddable":true,"href":"https:\/\/blogdoedvaldomagalhaes.com.br\/index.php\/wp-json\/wp\/v2\/comments?post=282"}],"version-history":[{"count":1,"href":"https:\/\/blogdoedvaldomagalhaes.com.br\/index.php\/wp-json\/wp\/v2\/posts\/282\/revisions"}],"predecessor-version":[{"id":37292,"href":"https:\/\/blogdoedvaldomagalhaes.com.br\/index.php\/wp-json\/wp\/v2\/posts\/282\/revisions\/37292"}],"wp:attachment":[{"href":"https:\/\/blogdoedvaldomagalhaes.com.br\/index.php\/wp-json\/wp\/v2\/media?parent=282"}],"wp:term":[{"taxonomy":"category","embeddable":true,"href":"https:\/\/blogdoedvaldomagalhaes.com.br\/index.php\/wp-json\/wp\/v2\/categories?post=282"},{"taxonomy":"post_tag","embeddable":true,"href":"https:\/\/blogdoedvaldomagalhaes.com.br\/index.php\/wp-json\/wp\/v2\/tags?post=282"}],"curies":[{"name":"wp","href":"https:\/\/api.w.org\/{rel}","templated":true}]}}