{"id":2794,"date":"2018-04-06T19:45:00","date_gmt":"2018-04-06T22:45:00","guid":{"rendered":"http:\/\/blogdoedvaldomagalhaes.com.br\/index.php\/2018\/04\/06\/confira-arbitragem-para-decisao-entre\/"},"modified":"2019-02-09T02:08:17","modified_gmt":"2019-02-09T04:08:17","slug":"confira-arbitragem-para-decisao-entre","status":"publish","type":"post","link":"https:\/\/blogdoedvaldomagalhaes.com.br\/index.php\/2018\/04\/06\/confira-arbitragem-para-decisao-entre\/","title":{"rendered":"Confira a arbitragem para a decis\u00e3o entre N\u00e1utico x Central"},"content":{"rendered":"<div class=\"separator\" style=\"clear: both; text-align: center;\">\n<a href=\"https:\/\/2.bp.blogspot.com\/-2F5xJLSEDh0\/WsfOHLsmKsI\/AAAAAAAAtsA\/loftcKZpT3crT0rZ8c0r0jbpfaPpZ6slwCLcBGAs\/s1600\/nielson.jpg\" imageanchor=\"1\" style=\"margin-left: 1em; margin-right: 1em;\"><img loading=\"lazy\" decoding=\"async\" border=\"0\" data-original-height=\"280\" data-original-width=\"380\" height=\"470\" src=\"http:\/\/blogdoedvaldomagalhaes.com.br\/wp-content\/uploads\/2018\/04\/nielson.jpg\" width=\"640\" \/><\/a><\/div>\n<div class=\"separator\" style=\"clear: both; text-align: center;\">\nFoto Nielson Nogueira: Divulga\u00e7\u00e3o<\/div>\n<p><\/p>\n<div style=\"text-align: justify;\">\nA decis\u00e3o do Campeonato Pernambucano 2018 entre N\u00e1utico x Central, na Arena de Pernambuco, no pr\u00f3ximo domingo (08), ter\u00e1 arbitragem do recifense Nielson Nogueira Dias, que nasceu em 14\/09\/1974, estando com 43 anos de idade, foi formado na arbitragem em 1999 e est\u00e1 na categoria CBF. Ele faz parte do quadro da Policial Militar de Pernambuco (Capit\u00e3o).&nbsp;<\/p>\n<p><\/p>\n<div class=\"separator\" style=\"clear: both; text-align: center;\">\n<a href=\"https:\/\/2.bp.blogspot.com\/-lCcpAvXQ6L8\/WsfUWK3yaYI\/AAAAAAAAtsU\/-fMOUO1j_70_AGVvm3SL5oD3WL401CtFwCLcBGAs\/s1600\/lovbis.jpg\" imageanchor=\"1\" style=\"margin-left: 1em; margin-right: 1em;\"><img loading=\"lazy\" decoding=\"async\" border=\"0\" data-original-height=\"407\" data-original-width=\"468\" height=\"552\" src=\"http:\/\/blogdoedvaldomagalhaes.com.br\/wp-content\/uploads\/2018\/04\/lovbis.jpg\" width=\"640\" \/><\/a><\/div>\n<div class=\"separator\" style=\"clear: both; text-align: center;\">\n<\/div>\n<p>\u00c1rbitro Assistente n\u00ba 01: Cl\u00f3vis Amara da Silva, nasceu em 04\/06\/1981. Formado na arbitragem em 2002. Categoria: CBF.<\/p>\n<p><\/p>\n<div class=\"separator\" style=\"clear: both; text-align: center;\">\n<a href=\"https:\/\/4.bp.blogspot.com\/-NDmvgHw4s20\/WsfVjFKUFUI\/AAAAAAAAtsg\/DDjxy9Qk6LUYFX1nzOTKpOTcBs3HM5o4QCLcBGAs\/s1600\/cleberson.jpg\" imageanchor=\"1\" style=\"margin-left: 1em; margin-right: 1em;\"><img loading=\"lazy\" decoding=\"async\" border=\"0\" data-original-height=\"524\" data-original-width=\"524\" height=\"640\" src=\"http:\/\/blogdoedvaldomagalhaes.com.br\/wp-content\/uploads\/2018\/04\/cleberson.jpg\" width=\"640\" \/><\/a><\/div>\n<div class=\"separator\" style=\"clear: both; text-align: center;\">\nFoto do Blog de Wellington Ara\u00fajo<\/div>\n<p>\u00c1rbitro Assistente n\u00ba 02: Cleberson Nascimento Leite, nasceu em 31\/12\/1987. Formando na arbitragem em 2011. Categoria: CBF.<\/p>\n<p><\/p>\n<div class=\"separator\" style=\"clear: both; text-align: center;\">\n<a href=\"https:\/\/1.bp.blogspot.com\/-sxlzXvmWLRM\/WsfX_uOKgKI\/AAAAAAAAtss\/r1KEqu3T8TIbWcEnIkfMXaO8Yc7YVkjKgCLcBGAs\/s1600\/tiago.jpg\" imageanchor=\"1\" style=\"margin-left: 1em; margin-right: 1em;\"><img loading=\"lazy\" decoding=\"async\" border=\"0\" data-original-height=\"504\" data-original-width=\"468\" height=\"640\" src=\"http:\/\/blogdoedvaldomagalhaes.com.br\/wp-content\/uploads\/2018\/04\/tiago.jpg\" width=\"590\" \/><\/a><\/div>\n<p>\nQuatro \u00c1rbitro: Tiago Nascimento, nasceu em 31\/12\/1988. Formado na arbitragem em 2011. Categoria: CBF.<\/div>\n","protected":false},"excerpt":{"rendered":"<p>Foto Nielson Nogueira: Divulga\u00e7\u00e3o A decis\u00e3o do Campeonato Pernambucano 2018 entre N\u00e1utico x Central, na Arena de Pernambuco, no pr\u00f3ximo&hellip;<\/p>\n","protected":false},"author":1,"featured_media":0,"comment_status":"open","ping_status":"open","sticky":false,"template":"","format":"standard","meta":{"footnotes":""},"categories":[1],"tags":[2,3081,3],"class_list":["post-2794","post","type-post","status-publish","format-standard","hentry","category-sem-categoria","tag-blog-do-edvaldo-magalhaes","tag-confira-a-arbitragem-para-a-decisao-entre-nautico-x-central","tag-futebol"],"_links":{"self":[{"href":"https:\/\/blogdoedvaldomagalhaes.com.br\/index.php\/wp-json\/wp\/v2\/posts\/2794","targetHints":{"allow":["GET"]}}],"collection":[{"href":"https:\/\/blogdoedvaldomagalhaes.com.br\/index.php\/wp-json\/wp\/v2\/posts"}],"about":[{"href":"https:\/\/blogdoedvaldomagalhaes.com.br\/index.php\/wp-json\/wp\/v2\/types\/post"}],"author":[{"embeddable":true,"href":"https:\/\/blogdoedvaldomagalhaes.com.br\/index.php\/wp-json\/wp\/v2\/users\/1"}],"replies":[{"embeddable":true,"href":"https:\/\/blogdoedvaldomagalhaes.com.br\/index.php\/wp-json\/wp\/v2\/comments?post=2794"}],"version-history":[{"count":1,"href":"https:\/\/blogdoedvaldomagalhaes.com.br\/index.php\/wp-json\/wp\/v2\/posts\/2794\/revisions"}],"predecessor-version":[{"id":29605,"href":"https:\/\/blogdoedvaldomagalhaes.com.br\/index.php\/wp-json\/wp\/v2\/posts\/2794\/revisions\/29605"}],"wp:attachment":[{"href":"https:\/\/blogdoedvaldomagalhaes.com.br\/index.php\/wp-json\/wp\/v2\/media?parent=2794"}],"wp:term":[{"taxonomy":"category","embeddable":true,"href":"https:\/\/blogdoedvaldomagalhaes.com.br\/index.php\/wp-json\/wp\/v2\/categories?post=2794"},{"taxonomy":"post_tag","embeddable":true,"href":"https:\/\/blogdoedvaldomagalhaes.com.br\/index.php\/wp-json\/wp\/v2\/tags?post=2794"}],"curies":[{"name":"wp","href":"https:\/\/api.w.org\/{rel}","templated":true}]}}