{"id":2767,"date":"2018-04-10T11:43:00","date_gmt":"2018-04-10T14:43:00","guid":{"rendered":"http:\/\/blogdoedvaldomagalhaes.com.br\/index.php\/2018\/04\/10\/barragem-de-jucazinho-ja-acumula-mais\/"},"modified":"2019-02-09T02:08:44","modified_gmt":"2019-02-09T04:08:44","slug":"barragem-de-jucazinho-ja-acumula-mais","status":"publish","type":"post","link":"https:\/\/blogdoedvaldomagalhaes.com.br\/index.php\/2018\/04\/10\/barragem-de-jucazinho-ja-acumula-mais\/","title":{"rendered":"Barragem de Jucazinho j\u00e1 acumula mais de 8 milh\u00f5es de metros c\u00fabicos de \u00e1gua"},"content":{"rendered":"<div class=\"separator\" style=\"clear: both; text-align: center;\">\n<a href=\"https:\/\/2.bp.blogspot.com\/-sZZO782HW78\/WsygO0YWdUI\/AAAAAAAAt7c\/HzmTJDyXPKMTpcsJpHgac9zvQTO_2INtACLcBGAs\/s1600\/IMG-20180410-WA0011.jpg\" imageanchor=\"1\" style=\"margin-left: 1em; margin-right: 1em;\"><img loading=\"lazy\" decoding=\"async\" border=\"0\" data-original-height=\"720\" data-original-width=\"1280\" height=\"360\" src=\"http:\/\/blogdoedvaldomagalhaes.com.br\/wp-content\/uploads\/2018\/04\/IMG-20180410-WA0011.jpg\" width=\"640\" \/><\/a><\/div>\n<div class=\"separator\" style=\"clear: both; text-align: center;\">\nFoto: Cl\u00e1udio Rodrigues\/Ofina Comunica\u00e7\u00e3o&nbsp;<\/div>\n<p><\/p>\n<div style=\"text-align: justify;\">\nA Barragem de Jucazinho, em Surubim, no Agreste de Pernambuco, que estava em colapso total agora acumula 8,4 milh\u00f5es de metros c\u00fabicos de \u00e1gua, sendo 2,58% de sua capacidade que \u00e9 de 327 milh\u00f5es de metros c\u00fabicos de \u00e1gua.&nbsp;<\/p>\n<p>Este ac\u00famulo de \u00e1gua se deu ap\u00f3s dois dias de chuvas &nbsp;do \u00faltimo fim de semana, no leito do Rio &nbsp;Capibaribe, principalmente nas cidades de Santa Cruz do Capibaribe e Toritama.&nbsp;<\/p>\n<p>Apesar do bom volume de \u00e1gua em dois dias, a Barragem de Jucazinho est\u00e1 com volume morto, ou seja, abaixo do n\u00edvel de capita\u00e7\u00e3o de \u00e1gua para voltar a abastecer as 15 cidades da regi\u00e3o.&nbsp;<\/p>\n<p>De acordo com o gerente regional da Compesa em Caruaru, M\u00e1rio Heitor, a partir de 3% de sua capacidade, sendo cerca de 10 milh\u00f5es de metros c\u00fabicos de \u00e1gua, a Barragem de Jucazinho sair\u00e1 do volume morto e ter\u00e1 condi\u00e7\u00f5es de voltar a abastecer os munic\u00edpios, ap\u00f3s uma revis\u00e3o em todo o sistema de abastecimento da Compesa, que deve durar cerca de 45 dias.<\/p><\/div>\n","protected":false},"excerpt":{"rendered":"<p>Foto: Cl\u00e1udio Rodrigues\/Ofina Comunica\u00e7\u00e3o&nbsp; A Barragem de Jucazinho, em Surubim, no Agreste de Pernambuco, que estava em colapso total agora&hellip;<\/p>\n","protected":false},"author":1,"featured_media":0,"comment_status":"open","ping_status":"open","sticky":false,"template":"","format":"standard","meta":{"footnotes":""},"categories":[1],"tags":[2,6],"class_list":["post-2767","post","type-post","status-publish","format-standard","hentry","category-sem-categoria","tag-blog-do-edvaldo-magalhaes","tag-noticias"],"_links":{"self":[{"href":"https:\/\/blogdoedvaldomagalhaes.com.br\/index.php\/wp-json\/wp\/v2\/posts\/2767","targetHints":{"allow":["GET"]}}],"collection":[{"href":"https:\/\/blogdoedvaldomagalhaes.com.br\/index.php\/wp-json\/wp\/v2\/posts"}],"about":[{"href":"https:\/\/blogdoedvaldomagalhaes.com.br\/index.php\/wp-json\/wp\/v2\/types\/post"}],"author":[{"embeddable":true,"href":"https:\/\/blogdoedvaldomagalhaes.com.br\/index.php\/wp-json\/wp\/v2\/users\/1"}],"replies":[{"embeddable":true,"href":"https:\/\/blogdoedvaldomagalhaes.com.br\/index.php\/wp-json\/wp\/v2\/comments?post=2767"}],"version-history":[{"count":1,"href":"https:\/\/blogdoedvaldomagalhaes.com.br\/index.php\/wp-json\/wp\/v2\/posts\/2767\/revisions"}],"predecessor-version":[{"id":29690,"href":"https:\/\/blogdoedvaldomagalhaes.com.br\/index.php\/wp-json\/wp\/v2\/posts\/2767\/revisions\/29690"}],"wp:attachment":[{"href":"https:\/\/blogdoedvaldomagalhaes.com.br\/index.php\/wp-json\/wp\/v2\/media?parent=2767"}],"wp:term":[{"taxonomy":"category","embeddable":true,"href":"https:\/\/blogdoedvaldomagalhaes.com.br\/index.php\/wp-json\/wp\/v2\/categories?post=2767"},{"taxonomy":"post_tag","embeddable":true,"href":"https:\/\/blogdoedvaldomagalhaes.com.br\/index.php\/wp-json\/wp\/v2\/tags?post=2767"}],"curies":[{"name":"wp","href":"https:\/\/api.w.org\/{rel}","templated":true}]}}