{"id":2762,"date":"2018-04-10T21:50:00","date_gmt":"2018-04-11T00:50:00","guid":{"rendered":"http:\/\/blogdoedvaldomagalhaes.com.br\/index.php\/2018\/04\/10\/mudancas-no-imposto-de-renda-2018\/"},"modified":"2019-02-09T02:08:46","modified_gmt":"2019-02-09T04:08:46","slug":"mudancas-no-imposto-de-renda-2018","status":"publish","type":"post","link":"https:\/\/blogdoedvaldomagalhaes.com.br\/index.php\/2018\/04\/10\/mudancas-no-imposto-de-renda-2018\/","title":{"rendered":"Mudan\u00e7as no Imposto de Renda 2018"},"content":{"rendered":"<div class=\"separator\" style=\"clear: both; text-align: center;\">\n<a href=\"https:\/\/2.bp.blogspot.com\/-dzCHVWi1SZI\/Ws0wyvrQ8aI\/AAAAAAAAt-M\/rJwQcVCu9tA4NPcwqtiCUiCzt_gsaQ7TACLcBGAs\/s1600\/ir.png\" imageanchor=\"1\" style=\"margin-left: 1em; margin-right: 1em;\"><img loading=\"lazy\" decoding=\"async\" border=\"0\" data-original-height=\"516\" data-original-width=\"1078\" height=\"306\" src=\"http:\/\/blogdoedvaldomagalhaes.com.br\/wp-content\/uploads\/2018\/04\/ir.png\" width=\"640\" \/><\/a><\/div>\n<div class=\"separator\" style=\"clear: both; text-align: center;\">\nFoto ilustrativa: Reprodu\u00e7\u00e3o\/Internet<\/div>\n<div style=\"background-color: white; text-align: justify;\">\n<\/div>\n<div style=\"background-color: white; text-align: justify;\">\nDe 1\u00ba de mar\u00e7o at\u00e9 30 de abril, os contribuintes devem fazer a declara\u00e7\u00e3o do imposto de renda. Para este ano, ser\u00e3o exigidos CPFs para os dependentes inclu\u00eddos na declara\u00e7\u00e3o com 8 anos ou mais. A ideia \u00e9 que a partir de 2019, a obrigatoriedade seja para todos os dependentes.<\/div>\n<div style=\"background-color: white; text-align: justify;\">\n<\/div>\n<div style=\"background-color: white; text-align: justify;\">\nOutra novidade deste ano, \u00e9 a possibilidade de fazer a retifica\u00e7\u00e3o das declara\u00e7\u00f5es enviadas por meio de dispositivos m\u00f3veis. No entanto, para isso \u00e9 preciso que a declara\u00e7\u00e3o original tenha sido enviada pelo mesmo aparelho.&nbsp;Al\u00e9m disso, a Receita Federal est\u00e1 pedindo mais dados referentes aos bens declarados.<\/div>\n<div style=\"background-color: white; text-align: justify;\">\n<\/div>\n<div style=\"background-color: white; text-align: justify;\">\nAs mudan\u00e7as no IR 2018 levantam algumas d\u00favidas:<\/div>\n<div style=\"background-color: white; text-align: justify;\">\n<\/div>\n<div style=\"background-color: white; text-align: justify;\">\n&#8211; S\u00e3o ben\u00e9ficas para os brasileiros as mudan\u00e7as na Declara\u00e7\u00e3o de Imposto de Renda 2018?<\/div>\n<div style=\"background-color: white; text-align: justify;\">\n&#8211; Qual a necessidade de incluir o CPF dos dependentes?<\/div>\n<div style=\"background-color: white; text-align: justify;\">\n&#8211; A inclus\u00e3o da possibilidade de fazer a declara\u00e7\u00e3o por meio de dispositivos m\u00f3veis est\u00e1 simplificando a forma de se fazer o IR?&nbsp;&nbsp;<\/div>\n<div style=\"background-color: white; text-align: justify;\">\n<\/div>\n<div style=\"background-color: white; text-align: justify;\">\n<strong>Fonte:&nbsp;<\/strong>Paolla Hauser, professora do curso de Ci\u00eancias Cont\u00e1beis do Centro Universit\u00e1rio Internacional Uninter.&nbsp;<\/div>\n<div style=\"background-color: white; text-align: justify;\">\n<\/div>\n<div style=\"background-color: white; text-align: justify;\">\nEm Caruaru, procure Renata Ara\u00fajo &#8211; Consult &#8211; Escrit\u00f3rios de Contabilidade, na avenida Rui Barbosa, ao lado do INSS, no bairro Maur\u00edcio de Nassau, tire suas d\u00favidas e fa\u00e7a a sua declara\u00e7\u00e3o do Imposto de Renda.<\/p>\n<p><\/p>\n<div class=\"separator\" style=\"clear: both; text-align: center;\">\n<a href=\"https:\/\/3.bp.blogspot.com\/-684-PrUELHY\/Ws0yGLrfTaI\/AAAAAAAAt-U\/24036lr-IlssmyahGQAI5j_qroy3UBFIgCLcBGAs\/s1600\/consult.jpg\" imageanchor=\"1\" style=\"margin-left: 1em; margin-right: 1em;\"><img loading=\"lazy\" decoding=\"async\" border=\"0\" data-original-height=\"534\" data-original-width=\"960\" height=\"352\" src=\"http:\/\/blogdoedvaldomagalhaes.com.br\/wp-content\/uploads\/2018\/04\/consult.jpg\" width=\"640\" \/><\/a><\/div>\n<\/div>\n","protected":false},"excerpt":{"rendered":"<p>Foto ilustrativa: Reprodu\u00e7\u00e3o\/Internet De 1\u00ba de mar\u00e7o at\u00e9 30 de abril, os contribuintes devem fazer a declara\u00e7\u00e3o do imposto de&hellip;<\/p>\n","protected":false},"author":1,"featured_media":0,"comment_status":"open","ping_status":"open","sticky":false,"template":"","format":"standard","meta":{"footnotes":""},"categories":[1],"tags":[2,3042,3043,6,1950,3044],"class_list":["post-2762","post","type-post","status-publish","format-standard","hentry","category-sem-categoria","tag-blog-do-edvaldo-magalhaes","tag-cpf","tag-mudancas-no-imposto-de-renda-2018","tag-noticias","tag-noticias-de-caruaru","tag-receita-federal"],"_links":{"self":[{"href":"https:\/\/blogdoedvaldomagalhaes.com.br\/index.php\/wp-json\/wp\/v2\/posts\/2762","targetHints":{"allow":["GET"]}}],"collection":[{"href":"https:\/\/blogdoedvaldomagalhaes.com.br\/index.php\/wp-json\/wp\/v2\/posts"}],"about":[{"href":"https:\/\/blogdoedvaldomagalhaes.com.br\/index.php\/wp-json\/wp\/v2\/types\/post"}],"author":[{"embeddable":true,"href":"https:\/\/blogdoedvaldomagalhaes.com.br\/index.php\/wp-json\/wp\/v2\/users\/1"}],"replies":[{"embeddable":true,"href":"https:\/\/blogdoedvaldomagalhaes.com.br\/index.php\/wp-json\/wp\/v2\/comments?post=2762"}],"version-history":[{"count":1,"href":"https:\/\/blogdoedvaldomagalhaes.com.br\/index.php\/wp-json\/wp\/v2\/posts\/2762\/revisions"}],"predecessor-version":[{"id":29701,"href":"https:\/\/blogdoedvaldomagalhaes.com.br\/index.php\/wp-json\/wp\/v2\/posts\/2762\/revisions\/29701"}],"wp:attachment":[{"href":"https:\/\/blogdoedvaldomagalhaes.com.br\/index.php\/wp-json\/wp\/v2\/media?parent=2762"}],"wp:term":[{"taxonomy":"category","embeddable":true,"href":"https:\/\/blogdoedvaldomagalhaes.com.br\/index.php\/wp-json\/wp\/v2\/categories?post=2762"},{"taxonomy":"post_tag","embeddable":true,"href":"https:\/\/blogdoedvaldomagalhaes.com.br\/index.php\/wp-json\/wp\/v2\/tags?post=2762"}],"curies":[{"name":"wp","href":"https:\/\/api.w.org\/{rel}","templated":true}]}}