{"id":2742,"date":"2018-04-12T15:35:00","date_gmt":"2018-04-12T18:35:00","guid":{"rendered":"http:\/\/blogdoedvaldomagalhaes.com.br\/index.php\/2018\/04\/12\/senac-caruaru-promove-projeto-jove\/"},"modified":"2019-02-09T02:08:56","modified_gmt":"2019-02-09T04:08:56","slug":"senac-caruaru-promove-projeto-jove","status":"publish","type":"post","link":"https:\/\/blogdoedvaldomagalhaes.com.br\/index.php\/2018\/04\/12\/senac-caruaru-promove-projeto-jove\/","title":{"rendered":"Senac Caruaru promove Projeto Jovem Empreendedor 2018"},"content":{"rendered":"<div class=\"separator\" style=\"clear: both; text-align: center;\">\n<a href=\"https:\/\/1.bp.blogspot.com\/-k_vP7BKaH9k\/Ws98ojmTbgI\/AAAAAAAAuH0\/XNR_wm_yCmApCfJFSeiZdZRA8PatbVQfACLcBGAs\/s1600\/senac.jpg\" imageanchor=\"1\" style=\"margin-left: 1em; margin-right: 1em;\"><img loading=\"lazy\" decoding=\"async\" border=\"0\" data-original-height=\"576\" data-original-width=\"1024\" height=\"360\" src=\"http:\/\/blogdoedvaldomagalhaes.com.br\/wp-content\/uploads\/2018\/04\/senac.jpg\" width=\"640\" \/><\/a><\/div>\n<div class=\"separator\" style=\"clear: both; text-align: center;\">\n<\/div>\n<div style=\"background-color: white; box-sizing: border-box; line-height: 24px; margin-bottom: 10px; text-align: justify;\">\n<\/div>\n<div style=\"background-color: white; box-sizing: border-box; line-height: 24px; margin-bottom: 10px; text-align: justify;\">\nO Senac Caruaru est\u00e1 promovendo, no Shopping Difusora, o Projeto Jovem Empreendedor 2018. O evento, que acontece nesta quinta-feira (12) e na sexta (13), das 10h \u00e0s 22h, tem como objetivo estimular a cultura empreendedora nos jovens atrav\u00e9s do desenvolvimento das compet\u00eancias que comp\u00f5em os planos de curso de Aprendizagem.<\/div>\n<div style=\"background-color: white; box-sizing: border-box; line-height: 24px; margin-bottom: 10px; text-align: justify;\">\nParalelo a essa apresenta\u00e7\u00e3o, os jovens aprendizes homenagear\u00e3o pequenos e m\u00e9dios empres\u00e1rios que justificam ser reconhecidos pela hist\u00f3ria de trabalho e resultado de sucesso no mercado local.<\/div>\n<div style=\"background-color: white; box-sizing: border-box; line-height: 24px; margin-bottom: 10px; text-align: justify;\">\nO projeto \u00e9 inserido como atividade de conclus\u00e3o do 2\u00ba m\u00f3dulo dos cursos de Aprendizagem dos Jovens Aprendizes do Senac, quando os jovens apresentar\u00e3o o Projeto Integrador das turmas. Para tanto, foram constru\u00eddos planos de neg\u00f3cios resultantes das compet\u00eancias e habilidades desenvolvidas ao longo de todo o processo de ensino e aprendizagem.<\/div>\n<div style=\"background-color: white; box-sizing: border-box; font-family: Lato, sans-serif; font-size: 13px; line-height: 24px; margin-bottom: 10px;\">\n<\/div>\n","protected":false},"excerpt":{"rendered":"<p>O Senac Caruaru est\u00e1 promovendo, no Shopping Difusora, o Projeto Jovem Empreendedor 2018. O evento, que acontece nesta quinta-feira (12)&hellip;<\/p>\n","protected":false},"author":1,"featured_media":0,"comment_status":"open","ping_status":"open","sticky":false,"template":"","format":"standard","meta":{"footnotes":""},"categories":[1],"tags":[2,6,3017,3018],"class_list":["post-2742","post","type-post","status-publish","format-standard","hentry","category-sem-categoria","tag-blog-do-edvaldo-magalhaes","tag-noticias","tag-senac-caruaru-promove-projeto-jovem-empreendedor-2018","tag-shopping-difusora"],"_links":{"self":[{"href":"https:\/\/blogdoedvaldomagalhaes.com.br\/index.php\/wp-json\/wp\/v2\/posts\/2742","targetHints":{"allow":["GET"]}}],"collection":[{"href":"https:\/\/blogdoedvaldomagalhaes.com.br\/index.php\/wp-json\/wp\/v2\/posts"}],"about":[{"href":"https:\/\/blogdoedvaldomagalhaes.com.br\/index.php\/wp-json\/wp\/v2\/types\/post"}],"author":[{"embeddable":true,"href":"https:\/\/blogdoedvaldomagalhaes.com.br\/index.php\/wp-json\/wp\/v2\/users\/1"}],"replies":[{"embeddable":true,"href":"https:\/\/blogdoedvaldomagalhaes.com.br\/index.php\/wp-json\/wp\/v2\/comments?post=2742"}],"version-history":[{"count":1,"href":"https:\/\/blogdoedvaldomagalhaes.com.br\/index.php\/wp-json\/wp\/v2\/posts\/2742\/revisions"}],"predecessor-version":[{"id":29750,"href":"https:\/\/blogdoedvaldomagalhaes.com.br\/index.php\/wp-json\/wp\/v2\/posts\/2742\/revisions\/29750"}],"wp:attachment":[{"href":"https:\/\/blogdoedvaldomagalhaes.com.br\/index.php\/wp-json\/wp\/v2\/media?parent=2742"}],"wp:term":[{"taxonomy":"category","embeddable":true,"href":"https:\/\/blogdoedvaldomagalhaes.com.br\/index.php\/wp-json\/wp\/v2\/categories?post=2742"},{"taxonomy":"post_tag","embeddable":true,"href":"https:\/\/blogdoedvaldomagalhaes.com.br\/index.php\/wp-json\/wp\/v2\/tags?post=2742"}],"curies":[{"name":"wp","href":"https:\/\/api.w.org\/{rel}","templated":true}]}}