{"id":2739,"date":"2018-04-12T15:49:00","date_gmt":"2018-04-12T18:49:00","guid":{"rendered":"http:\/\/blogdoedvaldomagalhaes.com.br\/index.php\/2018\/04\/12\/central-pede-suspensao-do-trio-de\/"},"modified":"2019-02-09T02:08:57","modified_gmt":"2019-02-09T04:08:57","slug":"central-pede-suspensao-do-trio-de","status":"publish","type":"post","link":"https:\/\/blogdoedvaldomagalhaes.com.br\/index.php\/2018\/04\/12\/central-pede-suspensao-do-trio-de\/","title":{"rendered":"Central pede suspens\u00e3o do trio de \u00e1rbitros da final do Campeonato Pernambucano 2018"},"content":{"rendered":"<div class=\"separator\" style=\"clear: both; text-align: center;\">\n<a href=\"https:\/\/1.bp.blogspot.com\/-lnSwRPK5y7M\/Ws9_bZ0tPRI\/AAAAAAAAuIY\/Yctz8G-ab3QmkJ59XQ5kex3PViLEUu8cACLcBGAs\/s1600\/nierlsdon.jpg\" imageanchor=\"1\" style=\"margin-left: 1em; margin-right: 1em;\"><img loading=\"lazy\" decoding=\"async\" border=\"0\" data-original-height=\"564\" data-original-width=\"1104\" height=\"326\" src=\"http:\/\/blogdoedvaldomagalhaes.com.br\/wp-content\/uploads\/2018\/04\/nierlsdon.jpg\" width=\"640\" \/><\/a><\/div>\n<div class=\"separator\" style=\"clear: both; text-align: center;\">\n<\/div>\n<div style=\"background-color: white; border: 0px; margin-bottom: 1.5em; outline: 0px; padding: 0px; text-align: justify; vertical-align: baseline;\">\n<strong style=\"border: 0px; font-style: inherit; margin: 0px; outline: 0px; padding: 0px; vertical-align: baseline;\">NOTA OFICIAL<\/strong><\/div>\n<div style=\"background-color: white; border: 0px; margin-bottom: 1.5em; outline: 0px; padding: 0px; text-align: justify; vertical-align: baseline;\">\nCENTRAL SPORT CLUB, associa\u00e7\u00e3o desportiva devidamente registrada perante a Confedera\u00e7\u00e3o Brasileira de Futebol, participante do Campeonato Pernambucano S\u00e9rie A1 \u2013 vem, respeitosamente, ingressar com a presente REPRESENTA\u00c7\u00c3O em face dos senhores Nielson Dias Nogueira e Cleberson Nascimento Leite, pelos fatos e fundamentos que passa a aduzir, para, ao final, requerer o que segue:<\/div>\n<div style=\"background-color: white; border: 0px; margin-bottom: 1.5em; outline: 0px; padding: 0px; text-align: justify; vertical-align: baseline;\">\nDOS FATOS E FUNDAMENTOS<\/div>\n<div style=\"background-color: white; border: 0px; margin-bottom: 1.5em; outline: 0px; padding: 0px; text-align: justify; vertical-align: baseline;\">\nOs Representados foram escalados para conduzirem a arbitragem da partida final do Campeonato Pernambucano do corrente ano, na qual competiram o ora REPRESENTANTE e a agremia\u00e7\u00e3o Clube N\u00e1utico Capibaribe, realizada no Est\u00e1dio Governador Carlos Wilson Campos, mais conhecido como ARENA DE PERNAMBUCO.<\/div>\n<div style=\"background-color: white; border: 0px; margin-bottom: 1.5em; outline: 0px; padding: 0px; text-align: justify; vertical-align: baseline;\">\nLamentavelmente, cabe destacar que o desastroso desempenho da equipe de arbitragem, comandada pelo Sr. Nielson Nogueira Dias, com o aux\u00edlio do Sr. Cleberson Nascimento Leite, foi determinante para o resultado alcan\u00e7ado pela equipe do Clube N\u00e1utico Capibaribe, o que vem demonstrar, mais uma vez, a fragilidade da Federa\u00e7\u00e3o Pernambucana de Futebol no tocante \u00e0 constitui\u00e7\u00e3o de seu quadro de \u00e1rbitros.<\/div>\n<div style=\"background-color: white; border: 0px; margin-bottom: 1.5em; outline: 0px; padding: 0px; text-align: justify; vertical-align: baseline;\">\nCom efeito, durante o transcorrer da partida acima apontada, verificou-se atua\u00e7\u00e3o do primeiro REPRESENTADO,de modo absolutamente contr\u00e1rio \u00e0s orienta\u00e7\u00f5es de Comiss\u00f5es de Arbitragem, destaque-se, de qualquer Federa\u00e7\u00e3o de Futebol id\u00f4nea. Explica-se!<\/div>\n<div style=\"background-color: white; border: 0px; margin-bottom: 1.5em; outline: 0px; padding: 0px; text-align: justify; vertical-align: baseline;\">\nN\u00e3o se pode mais admitir que os \u00e1rbitros desta Federa\u00e7\u00e3o de Futebol tenham crit\u00e9rios diferenciados dentro de um mesmo embate esportivo.<\/div>\n<div style=\"background-color: white; border: 0px; margin-bottom: 1.5em; outline: 0px; padding: 0px; text-align: justify; vertical-align: baseline;\">\nConstata-se, com grande pesar, que em jogos de relevante import\u00e2ncia \u2013 ditos jogos decisivos \u2013 as arbitragens s\u00e3o tendenciosas e parciais, principalmente quando os embates envolvem os clubes da Capital, o que macula a imagem da Comiss\u00e3o de Arbitragem desta Federa\u00e7\u00e3o Esportiva e deixa mantida a pecha de que o Campeonato de Futebol em Pernambuco n\u00e3o passa de \u201cfavas contadas\u201d, constituindo-se, injustamente, \u00f3bice intranspon\u00edvel a que os times do interior experimentem vit\u00f3rias e t\u00edtulos, a despeito de seus desempenhos gloriosos e manifestadamente merecedores das aludidas honras, o que frustra diversas gera\u00e7\u00f5es de torcedores.<\/div>\n<div style=\"background-color: white; border: 0px; margin-bottom: 1.5em; outline: 0px; padding: 0px; text-align: justify; vertical-align: baseline;\">\nPois bem. Retornando \u00e0 quest\u00e3o do desempenho do Senhor Nielson Dias Nogueira na condu\u00e7\u00e3o da partida decisiva do Campeonato Pernambucano em pauta, data venia, este se mostrou parcial, tendencioso e negligente, o que se extrai no descabido rigor na aplica\u00e7\u00e3o de cart\u00f5es amarelos de forma sum\u00e1ria para os defensores do ora REPRESENTANTE como forma de intimida\u00e7\u00e3o.<\/div>\n<div style=\"background-color: white; border: 0px; margin-bottom: 1.5em; outline: 0px; padding: 0px; text-align: justify; vertical-align: baseline;\">\nAo rev\u00e9s, concedeu toda toler\u00e2ncia e benesses para as jogadas mais r\u00edspidas dos atletas do Clube N\u00e1utico Capibaribe.<\/div>\n<div style=\"background-color: white; border: 0px; margin-bottom: 1.5em; outline: 0px; padding: 0px; text-align: justify; vertical-align: baseline;\">\nNesse contexto, ressalte-se que, aos dois minutos do segundo tempo da partida, o Atleta Douglas Carioca, integrante do ora REPRESENTANTE foi agredido pelo atleta Jobson do Clube N\u00e1utico, com uma solada no rosto, conduta que imp\u00f5e a qualquer \u00e1rbitro preparado e imparcial, a aplica\u00e7\u00e3o de cart\u00e3o vermelho e a consequente expuls\u00e3o do &nbsp;agressor, o que n\u00e3o ocorreu, j\u00e1 que o \u00e1rbitro \u2013 inexplicavelmente \u2013 aplicou t\u00e3o somente advert\u00eancia, com cart\u00e3o amarelo<\/div>\n<div style=\"background-color: white; border: 0px; margin-bottom: 1.5em; outline: 0px; padding: 0px; text-align: justify; vertical-align: baseline;\">\nDestaque-se, por oportuno, que o agressor ao continuar na partida, por neglig\u00eancia do senhor Nielson e\/ou despreparo para suportar press\u00f5es externas, foi agraciado com o gol que levou o seu time\u00e0 conquista do Campeonato Pernambucano de Futebol. Um verdadeiro absurdo!<\/div>\n<div style=\"background-color: white; border: 0px; margin-bottom: 1.5em; outline: 0px; padding: 0px; text-align: justify; vertical-align: baseline;\">\nE o que falar do Senhor Cleberson Nascimento?<\/div>\n<div style=\"background-color: white; border: 0px; margin-bottom: 1.5em; outline: 0px; padding: 0px; text-align: justify; vertical-align: baseline;\">\nO desempenho do referido assistente do \u00e1rbitro foi, em uma palavra, deplor\u00e1vel. Isso por que, aos 28 minutos do primeiro tempo, foi protagonista respons\u00e1vel na anula\u00e7\u00e3o de um gol leg\u00edtimo do ora REPRESENTANTE, o que n\u00e3o nos remete a qualquer outro adjetivo para desqualific\u00e1-lo, \u00e0 exce\u00e7\u00e3o de um despreparado.<\/div>\n<div style=\"background-color: white; border: 0px; margin-bottom: 1.5em; outline: 0px; padding: 0px; text-align: justify; vertical-align: baseline;\">\nN\u00e3o se trata aqui de conjecturas ou inconformismo. Ao contr\u00e1rio, as imagens da multicitada partida s\u00e3o bastante claras e falam por si, sendo de conhecimento de todo Pernambuco (e qui\u00e7\u00e1 de outras unidades da Federa\u00e7\u00e3o), n\u00e3o restando d\u00favidas quanto \u00e0s imoralidades perpetradas pela equipe de arbitragem, membros do quadro desta Federa\u00e7\u00e3o \u2013 ora Representados.<\/div>\n<div style=\"background-color: white; border: 0px; margin-bottom: 1.5em; outline: 0px; padding: 0px; text-align: justify; vertical-align: baseline;\">\nAdemais, com imenso desapontamento, v\u00ea-se que, at\u00e9 a presente data, a despeito dos supracitados fatos veiculados nas redes sociais e na imprensa, esta Federa\u00e7\u00e3o permanece em sil\u00eancio sepulcral, sedimentando a injusti\u00e7a advinda da parcialidade e do preconceito a times de interiores.<\/div>\n<div style=\"background-color: white; border: 0px; margin-bottom: 1.5em; outline: 0px; padding: 0px; text-align: justify; vertical-align: baseline;\">\nSenhor Presidente, a nova Diretoria do CENTRAL SPORT CLUB, respons\u00e1vel pelo maior e mais tradicional Clube do Interior de Pernambuco, vem trabalhando com seriedade e transpar\u00eancia, cumprindo com todas as suas obriga\u00e7\u00f5es, com investimento em todas as \u00e1reas do Clube, especialmente na qualifica\u00e7\u00e3o de sua equipe de Futebol, com a &nbsp;contrata\u00e7\u00e3o de atletas e comiss\u00e3o t\u00e9cnica diferenciados exatamente por suas expertises.<\/div>\n<div style=\"background-color: white; border: 0px; margin-bottom: 1.5em; outline: 0px; padding: 0px; text-align: justify; vertical-align: baseline;\">\nDestarte, espera-se desta Federa\u00e7\u00e3o a compreens\u00e3o dos argumentos formulados supra, com o reconhecimento da imperiosa e urgente necessidade de mudan\u00e7as na condu\u00e7\u00e3o do futebol de Pernambuco, quer na destreza profissional em todos os departamentos desta Entidade, seja na cobran\u00e7a quanto \u00e0 equidade e justeza no tratamento dispensado aos seus filiados.<\/div>\n<div style=\"background-color: white; border: 0px; margin-bottom: 1.5em; outline: 0px; padding: 0px; text-align: justify; vertical-align: baseline;\">\nN\u00e3o se pode, a nenhum pretexto, minimizar os danos &nbsp;suportados pelo CENTRAL DE CARUARU, causados por uma arbitragem lesiva, pela parcialidade e despreparo, o que, indiscutivelmente, des\u00e1gua na neglig\u00eancia da Comiss\u00e3o de Arbitragem desta Federa\u00e7\u00e3o quanto \u00e0 capacita\u00e7\u00e3o e orienta\u00e7\u00e3o de seus subordinados.<\/div>\n<div style=\"background-color: white; border: 0px; margin-bottom: 1.5em; outline: 0px; padding: 0px; text-align: justify; vertical-align: baseline;\">\nDOS PEDIDOS<\/div>\n<div style=\"background-color: white; border: 0px; margin-bottom: 1.5em; outline: 0px; padding: 0px; text-align: justify; vertical-align: baseline;\">\nAnte o exposto, requer de Vossa Senhoria:<\/div>\n<div style=\"background-color: white; border: 0px; margin-bottom: 1.5em; outline: 0px; padding: 0px; text-align: justify; vertical-align: baseline;\">\n1. Ap\u00f3s a an\u00e1lise dos lances aqui comentados, que seja notificada a Comiss\u00e3o de Arbitragem, a fim de que proceda \u00e0 suspens\u00e3o dos Senhores Nielson Dias Nogueira e Cleber Nascimento Leite, \u00e1rbitros desta Federa\u00e7\u00e3o, bem como \u00e0 avalia\u00e7\u00e3o profissional de ambos;<\/div>\n<div style=\"background-color: white; border: 0px; margin-bottom: 1.5em; outline: 0px; padding: 0px; text-align: justify; vertical-align: baseline;\">\n2. Que seja cientificado o Tribunal de Justi\u00e7a Desportiva de Pernambuco atrav\u00e9s da sua Procuradoria, com oferecimento de den\u00fancias contra os REPRESENTADOS, pelas raz\u00f5es explicitadas, &nbsp; aplicando-se, com as cautelas e procedimentos de praxe,as disposi\u00e7\u00f5es contidas no art. 259 do CBJD;<\/div>\n<div style=\"background-color: white; border: 0px; margin-bottom: 1.5em; outline: 0px; padding: 0px; text-align: justify; vertical-align: baseline;\">\nNestes Termos,<\/div>\n<div style=\"background-color: white; border: 0px; margin-bottom: 1.5em; outline: 0px; padding: 0px; text-align: justify; vertical-align: baseline;\">\nPede e espera deferimento.<\/div>\n<div style=\"background-color: white; border: 0px; margin-bottom: 1.5em; outline: 0px; padding: 0px; text-align: justify; vertical-align: baseline;\">\nCaruaru, 11 de abril de 2018<\/div>\n","protected":false},"excerpt":{"rendered":"<p>NOTA OFICIAL CENTRAL SPORT CLUB, associa\u00e7\u00e3o desportiva devidamente registrada perante a Confedera\u00e7\u00e3o Brasileira de Futebol, participante do Campeonato Pernambucano S\u00e9rie&hellip;<\/p>\n","protected":false},"author":1,"featured_media":0,"comment_status":"open","ping_status":"open","sticky":false,"template":"","format":"standard","meta":{"footnotes":""},"categories":[1],"tags":[2,3014,3],"class_list":["post-2739","post","type-post","status-publish","format-standard","hentry","category-sem-categoria","tag-blog-do-edvaldo-magalhaes","tag-central-pede-suspensao-do-trio-de-arbitros-da-final-do-campeonato-pernambucano-2018","tag-futebol"],"_links":{"self":[{"href":"https:\/\/blogdoedvaldomagalhaes.com.br\/index.php\/wp-json\/wp\/v2\/posts\/2739","targetHints":{"allow":["GET"]}}],"collection":[{"href":"https:\/\/blogdoedvaldomagalhaes.com.br\/index.php\/wp-json\/wp\/v2\/posts"}],"about":[{"href":"https:\/\/blogdoedvaldomagalhaes.com.br\/index.php\/wp-json\/wp\/v2\/types\/post"}],"author":[{"embeddable":true,"href":"https:\/\/blogdoedvaldomagalhaes.com.br\/index.php\/wp-json\/wp\/v2\/users\/1"}],"replies":[{"embeddable":true,"href":"https:\/\/blogdoedvaldomagalhaes.com.br\/index.php\/wp-json\/wp\/v2\/comments?post=2739"}],"version-history":[{"count":1,"href":"https:\/\/blogdoedvaldomagalhaes.com.br\/index.php\/wp-json\/wp\/v2\/posts\/2739\/revisions"}],"predecessor-version":[{"id":29756,"href":"https:\/\/blogdoedvaldomagalhaes.com.br\/index.php\/wp-json\/wp\/v2\/posts\/2739\/revisions\/29756"}],"wp:attachment":[{"href":"https:\/\/blogdoedvaldomagalhaes.com.br\/index.php\/wp-json\/wp\/v2\/media?parent=2739"}],"wp:term":[{"taxonomy":"category","embeddable":true,"href":"https:\/\/blogdoedvaldomagalhaes.com.br\/index.php\/wp-json\/wp\/v2\/categories?post=2739"},{"taxonomy":"post_tag","embeddable":true,"href":"https:\/\/blogdoedvaldomagalhaes.com.br\/index.php\/wp-json\/wp\/v2\/tags?post=2739"}],"curies":[{"name":"wp","href":"https:\/\/api.w.org\/{rel}","templated":true}]}}