{"id":2738,"date":"2018-04-12T15:53:00","date_gmt":"2018-04-12T18:53:00","guid":{"rendered":"http:\/\/blogdoedvaldomagalhaes.com.br\/index.php\/2018\/04\/12\/mauro-fernandes-renova-contrato-com-o\/"},"modified":"2019-02-09T02:08:57","modified_gmt":"2019-02-09T04:08:57","slug":"mauro-fernandes-renova-contrato-com-o","status":"publish","type":"post","link":"https:\/\/blogdoedvaldomagalhaes.com.br\/index.php\/2018\/04\/12\/mauro-fernandes-renova-contrato-com-o\/","title":{"rendered":"Mauro Fernandes renova contrato com o Central e comanda a Patativa na S\u00e9rie D 2018"},"content":{"rendered":"<div class=\"separator\" style=\"clear: both; text-align: center;\">\n<a href=\"https:\/\/4.bp.blogspot.com\/-5xna_i3mS80\/Ws-Ab5n16jI\/AAAAAAAAuIg\/plJ13GTspf0wgCZrAmsSpdT8CqM8PVJqACLcBGAs\/s1600\/mauro.jpeg\" imageanchor=\"1\" style=\"margin-left: 1em; margin-right: 1em;\"><img loading=\"lazy\" decoding=\"async\" border=\"0\" data-original-height=\"870\" data-original-width=\"696\" height=\"640\" src=\"http:\/\/blogdoedvaldomagalhaes.com.br\/wp-content\/uploads\/2018\/04\/mauro.jpeg\" width=\"512\" \/><\/a><\/div>\n<div style=\"background-color: white; border: 0px; margin-bottom: 1.5em; outline: 0px; padding: 0px; text-align: justify; vertical-align: baseline;\">\n<\/div>\n<div style=\"background-color: white; box-sizing: border-box; line-height: 26px; margin-bottom: 26px; text-align: justify; word-wrap: break-word;\">\nO Central renovou o contrato do t\u00e9cnico Mauro Fernandes, e ele ficar\u00e1 no clube at\u00e9 o t\u00e9rmino da S\u00e9rie D 2018.<\/div>\n<div style=\"background-color: white; box-sizing: border-box; line-height: 26px; margin-bottom: 26px; text-align: justify; word-wrap: break-word;\">\nGrande respons\u00e1vel desde a formula\u00e7\u00e3o do elenco at\u00e9 a surpreendente campanha do Central no Campeonato Pernambucano, o treinador tem carta branca para trabalhar no clube caruaruense. Em sua chegada na Patativa no final do ano passado, Mauro deixou bem claro a sua miss\u00e3o na equipe alvinegra que era deixar um legado.<\/div>\n<div class=\"td-g-rec td-g-rec-id-content_inlineleft \" style=\"background-color: white; box-sizing: border-box; float: left;\">\n<\/div>\n<div style=\"background-color: white; box-sizing: border-box; line-height: 26px; margin-bottom: 26px; text-align: justify; word-wrap: break-word;\">\nApesar do t\u00e3o sonhado t\u00edtulo in\u00e9dito n\u00e3o ter vindo, o desempenho do time contagiou a todos e foi digno de muitos elogios, de quebra, o t\u00e9cnico ainda conseguiu o retorno do Central \u00e0 Copa do Brasil ap\u00f3s dez anos e sua presen\u00e7a para o Brasileir\u00e3o certamente influenciar\u00e1 na presen\u00e7a de grande parte do elenco.<\/div>\n<div style=\"background-color: white; box-sizing: border-box; line-height: 26px; margin-bottom: 26px; text-align: justify; word-wrap: break-word;\">\nO Central estreia na S\u00e9rie D no dia 22 de abril, diante do Jacuipense, em Riach\u00e3o do Jacu\u00edpe, al\u00e9m do clube baiano, ASA e Sergipe fecham o grupo A7.<\/div>\n","protected":false},"excerpt":{"rendered":"<p>O Central renovou o contrato do t\u00e9cnico Mauro Fernandes, e ele ficar\u00e1 no clube at\u00e9 o t\u00e9rmino da S\u00e9rie D&hellip;<\/p>\n","protected":false},"author":1,"featured_media":0,"comment_status":"open","ping_status":"open","sticky":false,"template":"","format":"standard","meta":{"footnotes":""},"categories":[1],"tags":[2,3,3013],"class_list":["post-2738","post","type-post","status-publish","format-standard","hentry","category-sem-categoria","tag-blog-do-edvaldo-magalhaes","tag-futebol","tag-mauro-fernandes-renova-contrato-com-o-central-e-comanda-a-patativa-na-serie-d-2018"],"_links":{"self":[{"href":"https:\/\/blogdoedvaldomagalhaes.com.br\/index.php\/wp-json\/wp\/v2\/posts\/2738","targetHints":{"allow":["GET"]}}],"collection":[{"href":"https:\/\/blogdoedvaldomagalhaes.com.br\/index.php\/wp-json\/wp\/v2\/posts"}],"about":[{"href":"https:\/\/blogdoedvaldomagalhaes.com.br\/index.php\/wp-json\/wp\/v2\/types\/post"}],"author":[{"embeddable":true,"href":"https:\/\/blogdoedvaldomagalhaes.com.br\/index.php\/wp-json\/wp\/v2\/users\/1"}],"replies":[{"embeddable":true,"href":"https:\/\/blogdoedvaldomagalhaes.com.br\/index.php\/wp-json\/wp\/v2\/comments?post=2738"}],"version-history":[{"count":1,"href":"https:\/\/blogdoedvaldomagalhaes.com.br\/index.php\/wp-json\/wp\/v2\/posts\/2738\/revisions"}],"predecessor-version":[{"id":29758,"href":"https:\/\/blogdoedvaldomagalhaes.com.br\/index.php\/wp-json\/wp\/v2\/posts\/2738\/revisions\/29758"}],"wp:attachment":[{"href":"https:\/\/blogdoedvaldomagalhaes.com.br\/index.php\/wp-json\/wp\/v2\/media?parent=2738"}],"wp:term":[{"taxonomy":"category","embeddable":true,"href":"https:\/\/blogdoedvaldomagalhaes.com.br\/index.php\/wp-json\/wp\/v2\/categories?post=2738"},{"taxonomy":"post_tag","embeddable":true,"href":"https:\/\/blogdoedvaldomagalhaes.com.br\/index.php\/wp-json\/wp\/v2\/tags?post=2738"}],"curies":[{"name":"wp","href":"https:\/\/api.w.org\/{rel}","templated":true}]}}