{"id":2737,"date":"2018-04-12T18:23:00","date_gmt":"2018-04-12T21:23:00","guid":{"rendered":"http:\/\/blogdoedvaldomagalhaes.com.br\/index.php\/2018\/04\/12\/quatro-suspeitos-de-assaltos-morrem-e\/"},"modified":"2019-02-09T02:08:59","modified_gmt":"2019-02-09T04:08:59","slug":"quatro-suspeitos-de-assaltos-morrem-e","status":"publish","type":"post","link":"https:\/\/blogdoedvaldomagalhaes.com.br\/index.php\/2018\/04\/12\/quatro-suspeitos-de-assaltos-morrem-e\/","title":{"rendered":"Quatro suspeitos de assaltos morrem em troca de tiros com a pol\u00edcia no Sert\u00e3o de Pernambuco"},"content":{"rendered":"<div class=\"separator\" style=\"clear: both; text-align: center;\">\n<a href=\"https:\/\/2.bp.blogspot.com\/-kPVlxzSr_0s\/Ws-j_rPZ1uI\/AAAAAAAAuI0\/4p4-6ptd6tIDGzDtQQuO-QpABTF99WeyACLcBGAs\/s1600\/pm.jpg\" imageanchor=\"1\" style=\"margin-left: 1em; margin-right: 1em;\"><img loading=\"lazy\" decoding=\"async\" border=\"0\" data-original-height=\"231\" data-original-width=\"300\" height=\"492\" src=\"http:\/\/blogdoedvaldomagalhaes.com.br\/wp-content\/uploads\/2018\/04\/pm-5.jpg\" width=\"640\" \/><\/a><\/div>\n<div class=\"separator\" style=\"clear: both; text-align: center;\">\nFoto: PMPE\/Divulga\u00e7\u00e3o<\/div>\n<div style=\"background-color: white; box-sizing: border-box; line-height: 24px; margin-bottom: 10px; text-align: justify;\">\n<\/div>\n<div style=\"background-color: white; box-sizing: border-box; line-height: 24px; margin-bottom: 10px; text-align: justify;\">\nQuatro suspeitos de assaltos morreram em troca de tiros com a pol\u00edcia na madrugada desta quinta-feira (12), em Ibimirim, no Sert\u00e3o de Pernambuco. Eles foram abordados por policiais militares do Batalh\u00e3o Especializado de Policiamento do Interior (Bepi) e come\u00e7am a atirar contra o efetivo.<\/div>\n<div style=\"background-color: white; box-sizing: border-box; line-height: 24px; margin-bottom: 10px; text-align: justify;\">\nOs bandidos estavam em uma caminhonete roubada e eram suspeitos de integrar uma quadrilha especializada em assaltos a bancos. Segundo a pol\u00edcia, grupo planejava uma investida contra uma ag\u00eancia banc\u00e1ria.<\/div>\n<div style=\"background-color: white; box-sizing: border-box; line-height: 24px; margin-bottom: 10px; text-align: justify;\">\nNa persegui\u00e7\u00e3o, o carro em que os suspeitos estavam colidiu contra o muro de uma casa. Eles desceram do ve\u00edculo e entraram em v\u00e1rias resid\u00eancias para se esconder. Os policiais deram voz de pris\u00e3o, mas os bandidos continuaram atirando e, no revide, foram baleados.<\/div>\n<div style=\"background-color: white; box-sizing: border-box; line-height: 24px; margin-bottom: 10px; text-align: justify;\">\nA pol\u00edcia apreendeu com o grupo uma espingarda calibre 12, 53 muni\u00e7\u00f5es, um rifle 44, duas pistolas ponto 40 com 97 muni\u00e7\u00f5es, tr\u00eas espoletas com cordel detonante utilizadas para explodir cofres e caixas eletr\u00f4nicos, a caminhonete roubada, celulares, rel\u00f3gios, 50 gramas de maconha e 2.879 reais em esp\u00e9cie.<\/div>\n<div style=\"background-color: white; box-sizing: border-box; line-height: 24px; margin-bottom: 10px; text-align: justify;\">\nO material apreendido foi encaminhado para a For\u00e7a Tarefa de Bancos de Floresta, tamb\u00e9m no Sert\u00e3o.<\/div>\n","protected":false},"excerpt":{"rendered":"<p>Foto: PMPE\/Divulga\u00e7\u00e3o Quatro suspeitos de assaltos morreram em troca de tiros com a pol\u00edcia na madrugada desta quinta-feira (12), em&hellip;<\/p>\n","protected":false},"author":1,"featured_media":0,"comment_status":"open","ping_status":"open","sticky":false,"template":"","format":"standard","meta":{"footnotes":""},"categories":[1],"tags":[2,13,3012],"class_list":["post-2737","post","type-post","status-publish","format-standard","hentry","category-sem-categoria","tag-blog-do-edvaldo-magalhaes","tag-policial","tag-quatro-suspeitos-de-assaltos-morrem-em-troca-de-tiros-com-a-policia-no-sertao-de-pernambuco"],"_links":{"self":[{"href":"https:\/\/blogdoedvaldomagalhaes.com.br\/index.php\/wp-json\/wp\/v2\/posts\/2737","targetHints":{"allow":["GET"]}}],"collection":[{"href":"https:\/\/blogdoedvaldomagalhaes.com.br\/index.php\/wp-json\/wp\/v2\/posts"}],"about":[{"href":"https:\/\/blogdoedvaldomagalhaes.com.br\/index.php\/wp-json\/wp\/v2\/types\/post"}],"author":[{"embeddable":true,"href":"https:\/\/blogdoedvaldomagalhaes.com.br\/index.php\/wp-json\/wp\/v2\/users\/1"}],"replies":[{"embeddable":true,"href":"https:\/\/blogdoedvaldomagalhaes.com.br\/index.php\/wp-json\/wp\/v2\/comments?post=2737"}],"version-history":[{"count":1,"href":"https:\/\/blogdoedvaldomagalhaes.com.br\/index.php\/wp-json\/wp\/v2\/posts\/2737\/revisions"}],"predecessor-version":[{"id":29760,"href":"https:\/\/blogdoedvaldomagalhaes.com.br\/index.php\/wp-json\/wp\/v2\/posts\/2737\/revisions\/29760"}],"wp:attachment":[{"href":"https:\/\/blogdoedvaldomagalhaes.com.br\/index.php\/wp-json\/wp\/v2\/media?parent=2737"}],"wp:term":[{"taxonomy":"category","embeddable":true,"href":"https:\/\/blogdoedvaldomagalhaes.com.br\/index.php\/wp-json\/wp\/v2\/categories?post=2737"},{"taxonomy":"post_tag","embeddable":true,"href":"https:\/\/blogdoedvaldomagalhaes.com.br\/index.php\/wp-json\/wp\/v2\/tags?post=2737"}],"curies":[{"name":"wp","href":"https:\/\/api.w.org\/{rel}","templated":true}]}}