{"id":2736,"date":"2018-04-12T18:41:00","date_gmt":"2018-04-12T21:41:00","guid":{"rendered":"http:\/\/blogdoedvaldomagalhaes.com.br\/index.php\/2018\/04\/12\/duplo-homicidio-casal-de-caruaru\/"},"modified":"2019-02-09T02:09:00","modified_gmt":"2019-02-09T04:09:00","slug":"duplo-homicidio-casal-de-caruaru","status":"publish","type":"post","link":"https:\/\/blogdoedvaldomagalhaes.com.br\/index.php\/2018\/04\/12\/duplo-homicidio-casal-de-caruaru\/","title":{"rendered":"Duplo homic\u00eddio: Casal de Caruaru assassinado dentro de carro em Gravat\u00e1"},"content":{"rendered":"<div class=\"separator\" style=\"clear: both; text-align: center;\">\n<a href=\"https:\/\/4.bp.blogspot.com\/-UtpYA8qPeD8\/Ws-nEYGtL5I\/AAAAAAAAuJA\/htmsh7Qb2IgjYfB2Rdz_0wMnCJMQjgZEACLcBGAs\/s1600\/eles.jpg\" imageanchor=\"1\" style=\"margin-left: 1em; margin-right: 1em;\"><img loading=\"lazy\" decoding=\"async\" border=\"0\" data-original-height=\"960\" data-original-width=\"960\" height=\"640\" src=\"http:\/\/blogdoedvaldomagalhaes.com.br\/wp-content\/uploads\/2018\/04\/eles.jpg\" width=\"640\" \/><\/a><\/div>\n<div class=\"separator\" style=\"clear: both; text-align: center;\">\nFoto do casal: WhatsApp\/Cortesia<\/div>\n<div style=\"text-align: justify;\">\n<\/div>\n<div style=\"text-align: justify;\">\nUm duplo homic\u00eddio foi registrado no in\u00edcio da tarde desta quinta-feira (12) em Gravat\u00e1, no Agreste de Pernambuco.&nbsp;O crime aconteceu por volta das 12 horas na PE-078 que d\u00e1 acesso ao Distrito de Avencas, bairro Nossa Senhora das Gra\u00e7as, no referido munic\u00edpio. O homem foi identificado pelo nome de&nbsp;K\u00e1ssio Felipe Neves Lima tinha 27 anos, era natural de Caruaru, j\u00e1 a mulher foi identificada pelo nome de Leonilda Moura de Vasconcelos, conhecida por Lili, ajudante de cabeleireira.&nbsp;<\/div>\n<div style=\"text-align: justify;\">\nO casal residia em Caruaru, e ocupava um ve\u00edculo modelo FOX de placas PFJ-8352-Caruaru-PE, quando foi executado a tiros por indiv\u00edduos ainda n\u00e3o identificados, que estavam em um outro carro ainda em movimento.<\/div>\n<div style=\"text-align: justify;\">\nPoliciais militares e Agentes da 62\u00aa DEPOL estiveram no local e fizeram o isolamento da \u00e1rea, depois procederam com o levantamento cadav\u00e9rico. O crime ser\u00e1 acompanhado pela pol\u00edcia judici\u00e1ria local. A motiva\u00e7\u00e3o e autoria do crime s\u00e3o desconhecidas.<\/div>\n","protected":false},"excerpt":{"rendered":"<p>Foto do casal: WhatsApp\/Cortesia Um duplo homic\u00eddio foi registrado no in\u00edcio da tarde desta quinta-feira (12) em Gravat\u00e1, no Agreste&hellip;<\/p>\n","protected":false},"author":1,"featured_media":0,"comment_status":"open","ping_status":"open","sticky":false,"template":"","format":"standard","meta":{"footnotes":""},"categories":[1],"tags":[2,3011,13],"class_list":["post-2736","post","type-post","status-publish","format-standard","hentry","category-sem-categoria","tag-blog-do-edvaldo-magalhaes","tag-duplo-homicidio-casal-de-caruaru-assassinado-dentro-de-carro-em-gravata","tag-policial"],"_links":{"self":[{"href":"https:\/\/blogdoedvaldomagalhaes.com.br\/index.php\/wp-json\/wp\/v2\/posts\/2736","targetHints":{"allow":["GET"]}}],"collection":[{"href":"https:\/\/blogdoedvaldomagalhaes.com.br\/index.php\/wp-json\/wp\/v2\/posts"}],"about":[{"href":"https:\/\/blogdoedvaldomagalhaes.com.br\/index.php\/wp-json\/wp\/v2\/types\/post"}],"author":[{"embeddable":true,"href":"https:\/\/blogdoedvaldomagalhaes.com.br\/index.php\/wp-json\/wp\/v2\/users\/1"}],"replies":[{"embeddable":true,"href":"https:\/\/blogdoedvaldomagalhaes.com.br\/index.php\/wp-json\/wp\/v2\/comments?post=2736"}],"version-history":[{"count":1,"href":"https:\/\/blogdoedvaldomagalhaes.com.br\/index.php\/wp-json\/wp\/v2\/posts\/2736\/revisions"}],"predecessor-version":[{"id":29762,"href":"https:\/\/blogdoedvaldomagalhaes.com.br\/index.php\/wp-json\/wp\/v2\/posts\/2736\/revisions\/29762"}],"wp:attachment":[{"href":"https:\/\/blogdoedvaldomagalhaes.com.br\/index.php\/wp-json\/wp\/v2\/media?parent=2736"}],"wp:term":[{"taxonomy":"category","embeddable":true,"href":"https:\/\/blogdoedvaldomagalhaes.com.br\/index.php\/wp-json\/wp\/v2\/categories?post=2736"},{"taxonomy":"post_tag","embeddable":true,"href":"https:\/\/blogdoedvaldomagalhaes.com.br\/index.php\/wp-json\/wp\/v2\/tags?post=2736"}],"curies":[{"name":"wp","href":"https:\/\/api.w.org\/{rel}","templated":true}]}}