{"id":2735,"date":"2018-04-13T00:39:00","date_gmt":"2018-04-13T03:39:00","guid":{"rendered":"http:\/\/blogdoedvaldomagalhaes.com.br\/index.php\/2018\/04\/13\/radialista-e-assaltado-em-caruaru\/"},"modified":"2019-02-09T02:09:00","modified_gmt":"2019-02-09T04:09:00","slug":"radialista-e-assaltado-em-caruaru","status":"publish","type":"post","link":"https:\/\/blogdoedvaldomagalhaes.com.br\/index.php\/2018\/04\/13\/radialista-e-assaltado-em-caruaru\/","title":{"rendered":"Radialista \u00e9 assaltado em Caruaru"},"content":{"rendered":"<div class=\"separator\" style=\"clear: both; text-align: center;\">\n<a href=\"https:\/\/4.bp.blogspot.com\/-DPCTw289gIk\/Ws_7IO09OAI\/AAAAAAAAuJQ\/XNU8xUCQMs0fzaD3SJJoZGX94xFHxnJPQCLcBGAs\/s1600\/IMG-20180412-WA0309.jpg\" imageanchor=\"1\" style=\"margin-left: 1em; margin-right: 1em;\"><img loading=\"lazy\" decoding=\"async\" border=\"0\" data-original-height=\"225\" data-original-width=\"400\" height=\"360\" src=\"http:\/\/blogdoedvaldomagalhaes.com.br\/wp-content\/uploads\/2018\/04\/IMG-20180412-WA0309.jpg\" width=\"640\" \/><\/a><\/div>\n<p><\/p>\n<div style=\"text-align: justify;\">\nNa \u00faltima ter\u00e7a feira (10), o radialista Ivo Sutter, foi v\u00edtima de assalto, quando transitava pelo anel vi\u00e1rio de Caruaru, sentido BR-232 para o bairro Rendeiras, por volta das 20 horas. Ao reduzir a velocidade na lombada em frente ao Sest Senat.&nbsp;<\/p>\n<p>Os assaltantes &nbsp;levaram o carro Corsa Classic de coro branca e de placas MGA-5656-Tijucas\/SC, ano 2010, que est\u00e1 registrado em nome da esposa dele de nome Tatiane Marai da Silva. Levaram celulares de todos que estavam no carro.&nbsp;<\/p>\n<p>Atualmente, Ivo Sutter n\u00e3o est\u00e1 trabalhando em nenhuma emissora de r\u00e1dio.&nbsp;<\/p><\/div>\n","protected":false},"excerpt":{"rendered":"<p>Na \u00faltima ter\u00e7a feira (10), o radialista Ivo Sutter, foi v\u00edtima de assalto, quando transitava pelo anel vi\u00e1rio de Caruaru,&hellip;<\/p>\n","protected":false},"author":1,"featured_media":0,"comment_status":"open","ping_status":"open","sticky":false,"template":"","format":"standard","meta":{"footnotes":""},"categories":[1],"tags":[2,13],"class_list":["post-2735","post","type-post","status-publish","format-standard","hentry","category-sem-categoria","tag-blog-do-edvaldo-magalhaes","tag-policial"],"_links":{"self":[{"href":"https:\/\/blogdoedvaldomagalhaes.com.br\/index.php\/wp-json\/wp\/v2\/posts\/2735","targetHints":{"allow":["GET"]}}],"collection":[{"href":"https:\/\/blogdoedvaldomagalhaes.com.br\/index.php\/wp-json\/wp\/v2\/posts"}],"about":[{"href":"https:\/\/blogdoedvaldomagalhaes.com.br\/index.php\/wp-json\/wp\/v2\/types\/post"}],"author":[{"embeddable":true,"href":"https:\/\/blogdoedvaldomagalhaes.com.br\/index.php\/wp-json\/wp\/v2\/users\/1"}],"replies":[{"embeddable":true,"href":"https:\/\/blogdoedvaldomagalhaes.com.br\/index.php\/wp-json\/wp\/v2\/comments?post=2735"}],"version-history":[{"count":1,"href":"https:\/\/blogdoedvaldomagalhaes.com.br\/index.php\/wp-json\/wp\/v2\/posts\/2735\/revisions"}],"predecessor-version":[{"id":29764,"href":"https:\/\/blogdoedvaldomagalhaes.com.br\/index.php\/wp-json\/wp\/v2\/posts\/2735\/revisions\/29764"}],"wp:attachment":[{"href":"https:\/\/blogdoedvaldomagalhaes.com.br\/index.php\/wp-json\/wp\/v2\/media?parent=2735"}],"wp:term":[{"taxonomy":"category","embeddable":true,"href":"https:\/\/blogdoedvaldomagalhaes.com.br\/index.php\/wp-json\/wp\/v2\/categories?post=2735"},{"taxonomy":"post_tag","embeddable":true,"href":"https:\/\/blogdoedvaldomagalhaes.com.br\/index.php\/wp-json\/wp\/v2\/tags?post=2735"}],"curies":[{"name":"wp","href":"https:\/\/api.w.org\/{rel}","templated":true}]}}