{"id":2719,"date":"2018-04-14T22:54:00","date_gmt":"2018-04-15T01:54:00","guid":{"rendered":"http:\/\/blogdoedvaldomagalhaes.com.br\/index.php\/2018\/04\/14\/tres-suspeitos-de-praticar-assaltos\/"},"modified":"2019-02-09T02:09:14","modified_gmt":"2019-02-09T04:09:14","slug":"tres-suspeitos-de-praticar-assaltos","status":"publish","type":"post","link":"https:\/\/blogdoedvaldomagalhaes.com.br\/index.php\/2018\/04\/14\/tres-suspeitos-de-praticar-assaltos\/","title":{"rendered":"Tr\u00eas suspeitos de praticar assaltos morrem ap\u00f3s troca de tiros na Vila Cana\u00e3"},"content":{"rendered":"<div class=\"separator\" style=\"clear: both; text-align: center;\">\n<a href=\"https:\/\/4.bp.blogspot.com\/-8P5IvIwj0lU\/WtKFqt72_6I\/AAAAAAAAuUo\/g8g-KgN2FDsSCMEQ1471ckW5VVU5gYl1wCLcBGAs\/s1600\/aqui.jpg\" imageanchor=\"1\" style=\"margin-left: 1em; margin-right: 1em;\"><img loading=\"lazy\" decoding=\"async\" border=\"0\" data-original-height=\"960\" data-original-width=\"720\" height=\"640\" src=\"http:\/\/blogdoedvaldomagalhaes.com.br\/wp-content\/uploads\/2018\/04\/aqui.jpg\" width=\"480\" \/><\/a><\/div>\n<div class=\"separator\" style=\"clear: both; text-align: center;\">\nFoto: WhatsApp\/Cortesia<\/div>\n<div class=\"separator\" style=\"clear: both; text-align: center;\">\n<\/div>\n<div class=\"separator\" style=\"clear: both; text-align: justify;\">\nA pol\u00edcia recebeu den\u00fancias an\u00f4nimas, que tr\u00eas homens estavam praticando v\u00e1rios assaltos e traficando drogas na Vila Cana\u00e3, zona rual de Caruaru. Ao chegar no local, o BEPI foi recebido a tiros, e prontamente revidou a injusta agress\u00e3o, ferindo os tr\u00eas suspeitos, que foram socorridos para um hospital na cidade de Toritama, mas n\u00e3o resistiram aos ferimentos e morreram.&nbsp;<\/div>\n<div class=\"separator\" style=\"clear: both; text-align: justify;\">\n<\/div>\n<div class=\"separator\" style=\"clear: both; text-align: center;\">\n<a href=\"https:\/\/1.bp.blogspot.com\/-CIzm-Cj9lO8\/WtKpou2vs2I\/AAAAAAAAuVY\/w11z5WjGYmU6mJ1d9Y5jfAx0Z8G0QvOVQCLcBGAs\/s1600\/1.jpg\" imageanchor=\"1\" style=\"margin-left: 1em; margin-right: 1em;\"><img loading=\"lazy\" decoding=\"async\" border=\"0\" data-original-height=\"720\" data-original-width=\"960\" height=\"480\" src=\"http:\/\/blogdoedvaldomagalhaes.com.br\/wp-content\/uploads\/2018\/04\/1-6.jpg\" width=\"640\" \/><\/a><\/div>\n<div class=\"separator\" style=\"clear: both; text-align: justify;\">\n<\/div>\n<div class=\"separator\" style=\"clear: both; text-align: justify;\">\nA pol\u00edcia encontrou na resid\u00eancia onde eles estavam dois rev\u00f3lveres calibre 38, uma espinguarda calibre 12 de fabrica\u00e7\u00e3o caseira, muni\u00e7\u00f5es, celulares, 140 gramas de maconha prensada, uma moto com restri\u00e7\u00e3o de roubo. Uma mulher que estava na resid\u00eancia foi detida.<\/div>\n<div class=\"separator\" style=\"clear: both; text-align: justify;\">\n<\/div>\n<div class=\"separator\" style=\"clear: both; text-align: center;\">\n<a href=\"https:\/\/1.bp.blogspot.com\/-3AMeAeeAkPE\/WtKpsOVeM_I\/AAAAAAAAuVc\/BfW43tsy1BAWFnYA1HbZPLiFoyYZcjm_wCLcBGAs\/s1600\/3.jpg\" imageanchor=\"1\" style=\"margin-left: 1em; margin-right: 1em;\"><img loading=\"lazy\" decoding=\"async\" border=\"0\" data-original-height=\"720\" data-original-width=\"960\" height=\"480\" src=\"http:\/\/blogdoedvaldomagalhaes.com.br\/wp-content\/uploads\/2018\/04\/3-5.jpg\" width=\"640\" \/><\/a><\/div>\n<div class=\"separator\" style=\"clear: both; text-align: justify;\">\n<\/div>\n<div class=\"separator\" style=\"clear: both; text-align: justify;\">\nOs tr\u00eas suspeitos foram identificados como sendo: Jos\u00e9 Manoel da Silva de 27 anos, Edjalma Manoel da Silva de 42 anos e Leon Souza Ten\u00f3rio.<\/div>\n<div class=\"separator\" style=\"clear: both; text-align: justify;\">\n<\/div>\n<div class=\"separator\" style=\"clear: both; text-align: center;\">\n<a href=\"https:\/\/3.bp.blogspot.com\/--bIX3in7qWU\/WtKpxuMkROI\/AAAAAAAAuVg\/mGF51qoQ7Fs_3uGPIaa18cAAn3BU1i8ugCLcBGAs\/s1600\/2.jpg\" imageanchor=\"1\" style=\"margin-left: 1em; margin-right: 1em;\"><img loading=\"lazy\" decoding=\"async\" border=\"0\" data-original-height=\"960\" data-original-width=\"720\" height=\"640\" src=\"http:\/\/blogdoedvaldomagalhaes.com.br\/wp-content\/uploads\/2018\/04\/2-5.jpg\" width=\"480\" \/><\/a><\/div>\n","protected":false},"excerpt":{"rendered":"<p>Foto: WhatsApp\/Cortesia A pol\u00edcia recebeu den\u00fancias an\u00f4nimas, que tr\u00eas homens estavam praticando v\u00e1rios assaltos e traficando drogas na Vila Cana\u00e3,&hellip;<\/p>\n","protected":false},"author":1,"featured_media":0,"comment_status":"open","ping_status":"open","sticky":false,"template":"","format":"standard","meta":{"footnotes":""},"categories":[1],"tags":[2,13,2991],"class_list":["post-2719","post","type-post","status-publish","format-standard","hentry","category-sem-categoria","tag-blog-do-edvaldo-magalhaes","tag-policial","tag-tres-suspeitos-de-praticar-assaltos-morrem-apos-troca-de-tiros-na-vila-canaa"],"_links":{"self":[{"href":"https:\/\/blogdoedvaldomagalhaes.com.br\/index.php\/wp-json\/wp\/v2\/posts\/2719","targetHints":{"allow":["GET"]}}],"collection":[{"href":"https:\/\/blogdoedvaldomagalhaes.com.br\/index.php\/wp-json\/wp\/v2\/posts"}],"about":[{"href":"https:\/\/blogdoedvaldomagalhaes.com.br\/index.php\/wp-json\/wp\/v2\/types\/post"}],"author":[{"embeddable":true,"href":"https:\/\/blogdoedvaldomagalhaes.com.br\/index.php\/wp-json\/wp\/v2\/users\/1"}],"replies":[{"embeddable":true,"href":"https:\/\/blogdoedvaldomagalhaes.com.br\/index.php\/wp-json\/wp\/v2\/comments?post=2719"}],"version-history":[{"count":1,"href":"https:\/\/blogdoedvaldomagalhaes.com.br\/index.php\/wp-json\/wp\/v2\/posts\/2719\/revisions"}],"predecessor-version":[{"id":29822,"href":"https:\/\/blogdoedvaldomagalhaes.com.br\/index.php\/wp-json\/wp\/v2\/posts\/2719\/revisions\/29822"}],"wp:attachment":[{"href":"https:\/\/blogdoedvaldomagalhaes.com.br\/index.php\/wp-json\/wp\/v2\/media?parent=2719"}],"wp:term":[{"taxonomy":"category","embeddable":true,"href":"https:\/\/blogdoedvaldomagalhaes.com.br\/index.php\/wp-json\/wp\/v2\/categories?post=2719"},{"taxonomy":"post_tag","embeddable":true,"href":"https:\/\/blogdoedvaldomagalhaes.com.br\/index.php\/wp-json\/wp\/v2\/tags?post=2719"}],"curies":[{"name":"wp","href":"https:\/\/api.w.org\/{rel}","templated":true}]}}