{"id":269,"date":"2019-01-07T16:30:00","date_gmt":"2019-01-07T18:30:00","guid":{"rendered":"http:\/\/blogdoedvaldomagalhaes.com.br\/index.php\/2019\/01\/07\/sismuc-regional-obteve-mais-uma-grande\/"},"modified":"2019-02-09T02:48:44","modified_gmt":"2019-02-09T04:48:44","slug":"sismuc-regional-obteve-mais-uma-grande","status":"publish","type":"post","link":"https:\/\/blogdoedvaldomagalhaes.com.br\/index.php\/2019\/01\/07\/sismuc-regional-obteve-mais-uma-grande\/","title":{"rendered":"SISMUC REGIONAL obteve mais uma grande vit\u00f3ria em favor dos professores do Munic\u00edpio de Caruaru"},"content":{"rendered":"<div class=\"separator\" style=\"clear: both; text-align: center;\">\n<a href=\"https:\/\/4.bp.blogspot.com\/-DCmjLD2dUmA\/XDN-cQdXAvI\/AAAAAAABA2Y\/MORPgmDpjg0LvQZe8kKTYgKUk6vZObuIgCLcBGAs\/s1600\/vara.jpeg\" imageanchor=\"1\" style=\"margin-left: 1em; margin-right: 1em;\"><img loading=\"lazy\" decoding=\"async\" border=\"0\" data-original-height=\"1280\" data-original-width=\"884\" height=\"640\" src=\"http:\/\/blogdoedvaldomagalhaes.com.br\/wp-content\/uploads\/2019\/01\/vara.jpeg\" width=\"442\" \/><\/a><\/div>\n<div class=\"separator\" style=\"clear: both; text-align: center;\">\n<\/div>\n<div class=\"separator\" style=\"clear: both; text-align: center;\">\n<a href=\"https:\/\/1.bp.blogspot.com\/-ZJ-aOAiciQY\/XDN-sprdnQI\/AAAAAAABA2g\/wKGRT9HIN4IIwlUWJKAjg-flDUqcQn1tACLcBGAs\/s1600\/mandado.jpeg\" imageanchor=\"1\" style=\"margin-left: 1em; margin-right: 1em;\"><img loading=\"lazy\" decoding=\"async\" border=\"0\" data-original-height=\"901\" data-original-width=\"1600\" height=\"360\" src=\"http:\/\/blogdoedvaldomagalhaes.com.br\/wp-content\/uploads\/2019\/01\/mandado.jpeg\" width=\"640\" \/><\/a><\/div>\n<div class=\"separator\" style=\"clear: both; text-align: center;\">\n<\/div>\n<div style=\"padding: 0px; text-align: justify;\">\n<\/div>\n<div style=\"padding: 0px; text-align: justify;\">\nA 1\u00aa Vara da Fazenda P\u00fablica da Comarca de Caruaru, concedeu, em favor do SISMUC REGIONAL, mais uma grande vit\u00f3ria em favor dos Professores Municipais de Caruaru, que s\u00e3o associados ao Sindicato.<\/div>\n<div style=\"padding: 0px; text-align: justify;\">\n<\/div>\n<div style=\"padding: 0px; text-align: justify;\">\nCom a finalidade de assegurar o Direito dos Professores, a Justi\u00e7a acatou o pedido de Mandado de Seguran\u00e7a, feito pelo SISMUC REGIONAL, contra a Prefeitura de Caruaru, onde assegura, em favor dos Docentes Municipais associados ao Sindicato, que est\u00e3o de f\u00e9rias durante o m\u00eas de janeiro de 2019, o pagamento adicional de um ter\u00e7o, previsto na Constitui\u00e7\u00e3o Federal. O n\u00e3o pagamento poder\u00e1 incidir um Processo de Improbidade Administrativa, para a Prefeitura de Caruaru.<\/div>\n<div style=\"padding: 0px; text-align: justify;\">\n<\/div>\n","protected":false},"excerpt":{"rendered":"<p>A 1\u00aa Vara da Fazenda P\u00fablica da Comarca de Caruaru, concedeu, em favor do SISMUC REGIONAL, mais uma grande vit\u00f3ria&hellip;<\/p>\n","protected":false},"author":1,"featured_media":0,"comment_status":"open","ping_status":"open","sticky":false,"template":"","format":"standard","meta":{"footnotes":""},"categories":[1],"tags":[2,6,272],"class_list":["post-269","post","type-post","status-publish","format-standard","hentry","category-sem-categoria","tag-blog-do-edvaldo-magalhaes","tag-noticias","tag-sismuc-regional-obteve-mais-uma-grande-vitoria-em-favor-dos-professores-do-municipio-de-caruaru"],"_links":{"self":[{"href":"https:\/\/blogdoedvaldomagalhaes.com.br\/index.php\/wp-json\/wp\/v2\/posts\/269","targetHints":{"allow":["GET"]}}],"collection":[{"href":"https:\/\/blogdoedvaldomagalhaes.com.br\/index.php\/wp-json\/wp\/v2\/posts"}],"about":[{"href":"https:\/\/blogdoedvaldomagalhaes.com.br\/index.php\/wp-json\/wp\/v2\/types\/post"}],"author":[{"embeddable":true,"href":"https:\/\/blogdoedvaldomagalhaes.com.br\/index.php\/wp-json\/wp\/v2\/users\/1"}],"replies":[{"embeddable":true,"href":"https:\/\/blogdoedvaldomagalhaes.com.br\/index.php\/wp-json\/wp\/v2\/comments?post=269"}],"version-history":[{"count":1,"href":"https:\/\/blogdoedvaldomagalhaes.com.br\/index.php\/wp-json\/wp\/v2\/posts\/269\/revisions"}],"predecessor-version":[{"id":37327,"href":"https:\/\/blogdoedvaldomagalhaes.com.br\/index.php\/wp-json\/wp\/v2\/posts\/269\/revisions\/37327"}],"wp:attachment":[{"href":"https:\/\/blogdoedvaldomagalhaes.com.br\/index.php\/wp-json\/wp\/v2\/media?parent=269"}],"wp:term":[{"taxonomy":"category","embeddable":true,"href":"https:\/\/blogdoedvaldomagalhaes.com.br\/index.php\/wp-json\/wp\/v2\/categories?post=269"},{"taxonomy":"post_tag","embeddable":true,"href":"https:\/\/blogdoedvaldomagalhaes.com.br\/index.php\/wp-json\/wp\/v2\/tags?post=269"}],"curies":[{"name":"wp","href":"https:\/\/api.w.org\/{rel}","templated":true}]}}