{"id":268,"date":"2019-01-07T23:34:00","date_gmt":"2019-01-08T01:34:00","guid":{"rendered":"http:\/\/blogdoedvaldomagalhaes.com.br\/index.php\/2019\/01\/07\/caruaruense-assassinado-com-cerca-de-20\/"},"modified":"2019-02-09T02:48:45","modified_gmt":"2019-02-09T04:48:45","slug":"caruaruense-assassinado-com-cerca-de-20","status":"publish","type":"post","link":"https:\/\/blogdoedvaldomagalhaes.com.br\/index.php\/2019\/01\/07\/caruaruense-assassinado-com-cerca-de-20\/","title":{"rendered":"Caruaruense assassinado com cerca de 20 tiros em Surubim"},"content":{"rendered":"<div class=\"separator\" style=\"clear: both; text-align: center;\">\n<a href=\"https:\/\/3.bp.blogspot.com\/-LJ4IKi9aLAU\/XDPhKFGGUiI\/AAAAAAABA20\/cD_4MzttfIcAp8c_fQu_z_T51kzgPyeygCLcBGAs\/s1600\/crime.jpg\" imageanchor=\"1\" style=\"margin-left: 1em; margin-right: 1em;\"><img loading=\"lazy\" decoding=\"async\" border=\"0\" data-original-height=\"640\" data-original-width=\"460\" height=\"640\" src=\"http:\/\/blogdoedvaldomagalhaes.com.br\/wp-content\/uploads\/2019\/01\/crime-1.jpg\" width=\"460\" \/><\/a><\/div>\n<div class=\"separator\" style=\"clear: both; text-align: center;\">\nFotos e informa\u00e7\u00f5es: Casinhas Agreste<\/div>\n<div class=\"separator\" style=\"clear: both; text-align: center;\">\n<\/div>\n<div class=\"separator\" style=\"clear: both; text-align: justify;\">\nO homic\u00eddio ocorreu&nbsp;na tarde desta segunda-feira (07), no Loteamento Nova Surubim, na cidade de Surubim, no Agreste Pernambucano. A v\u00edtima foi Davyd Samuel Silva de Brito, conhecido por \u201cGordinho\u201d ou \u201cN\u00e9m\u201d de 26 anos, que morava na Rua Senador Nilo Coelho, no bairro S\u00e3o Jo\u00e3o da Esc\u00f3cia, em Caruaru, que foi atingido por cerca de 20 disparos de arma de foto. O corpo foi encaminhado para o IML de Caruaru.<\/div>\n<div class=\"separator\" style=\"clear: both; text-align: justify;\">\n<\/div>\n<div class=\"separator\" style=\"clear: both; text-align: justify;\">\nSegundo informa\u00e7\u00f5es, ele estava morando em Surubim, desde o m\u00eas de agosto, quando a Vara Privativa do J\u00fari de Caruaru expediu o seu Mandado de Pris\u00e3o Preventiva.<\/div>\n<div class=\"separator\" style=\"clear: both; text-align: justify;\">\n<\/div>\n<div class=\"separator\" style=\"clear: both; text-align: center;\">\n<a href=\"https:\/\/4.bp.blogspot.com\/-HGqqVt_Lh2s\/XDPlBdkk43I\/AAAAAAABA28\/AB9kHfSHPnMPSAGiUyzEV_TkBs132Jr_wCLcBGAs\/s1600\/ele.jpg\" imageanchor=\"1\" style=\"margin-left: 1em; margin-right: 1em;\"><img loading=\"lazy\" decoding=\"async\" border=\"0\" data-original-height=\"270\" data-original-width=\"495\" height=\"348\" src=\"http:\/\/blogdoedvaldomagalhaes.com.br\/wp-content\/uploads\/2019\/01\/ele.jpg\" width=\"640\" \/><\/a><\/div>\n<div class=\"separator\" style=\"clear: both; text-align: justify;\">\n<\/div>\n<div class=\"separator\" style=\"clear: both; text-align: justify;\">\nO delegado da 19\u00aa Delegacia de Homic\u00eddios de Caruaru, Anderson Liberato, informou&nbsp; que&nbsp;\u201cGordinho\u201d e um colega s\u00e3o acusados de matar Alex Silva de Morais Leandro, de 15 anos, a tiros no dia 25 de abril na rua S\u00e3o Jo\u00e3o da Esc\u00f3cia, pr\u00f3ximo a Escola Professora Jesu\u00edna Pereira R\u00eago, al\u00e9m de&nbsp;Daniel Bezerra dos Santos Azevedo, de 19 anos. E&nbsp;suspeitos de terem assassinado a tiros no dia 17 de junho na rua Jardel Filho, Elias Marcelino de Lima, de 29 anos, que era ex-presidi\u00e1rio.<\/div>\n<div class=\"separator\" style=\"clear: both; text-align: justify;\">\n<\/div>\n","protected":false},"excerpt":{"rendered":"<p>Fotos e informa\u00e7\u00f5es: Casinhas Agreste O homic\u00eddio ocorreu&nbsp;na tarde desta segunda-feira (07), no Loteamento Nova Surubim, na cidade de Surubim,&hellip;<\/p>\n","protected":false},"author":1,"featured_media":0,"comment_status":"open","ping_status":"open","sticky":false,"template":"","format":"standard","meta":{"footnotes":""},"categories":[1],"tags":[2,271,13],"class_list":["post-268","post","type-post","status-publish","format-standard","hentry","category-sem-categoria","tag-blog-do-edvaldo-magalhaes","tag-caruaruense-assassinado-com-cerca-de-20-tiros-em-surubim","tag-policial"],"_links":{"self":[{"href":"https:\/\/blogdoedvaldomagalhaes.com.br\/index.php\/wp-json\/wp\/v2\/posts\/268","targetHints":{"allow":["GET"]}}],"collection":[{"href":"https:\/\/blogdoedvaldomagalhaes.com.br\/index.php\/wp-json\/wp\/v2\/posts"}],"about":[{"href":"https:\/\/blogdoedvaldomagalhaes.com.br\/index.php\/wp-json\/wp\/v2\/types\/post"}],"author":[{"embeddable":true,"href":"https:\/\/blogdoedvaldomagalhaes.com.br\/index.php\/wp-json\/wp\/v2\/users\/1"}],"replies":[{"embeddable":true,"href":"https:\/\/blogdoedvaldomagalhaes.com.br\/index.php\/wp-json\/wp\/v2\/comments?post=268"}],"version-history":[{"count":1,"href":"https:\/\/blogdoedvaldomagalhaes.com.br\/index.php\/wp-json\/wp\/v2\/posts\/268\/revisions"}],"predecessor-version":[{"id":37330,"href":"https:\/\/blogdoedvaldomagalhaes.com.br\/index.php\/wp-json\/wp\/v2\/posts\/268\/revisions\/37330"}],"wp:attachment":[{"href":"https:\/\/blogdoedvaldomagalhaes.com.br\/index.php\/wp-json\/wp\/v2\/media?parent=268"}],"wp:term":[{"taxonomy":"category","embeddable":true,"href":"https:\/\/blogdoedvaldomagalhaes.com.br\/index.php\/wp-json\/wp\/v2\/categories?post=268"},{"taxonomy":"post_tag","embeddable":true,"href":"https:\/\/blogdoedvaldomagalhaes.com.br\/index.php\/wp-json\/wp\/v2\/tags?post=268"}],"curies":[{"name":"wp","href":"https:\/\/api.w.org\/{rel}","templated":true}]}}