{"id":2678,"date":"2018-04-18T23:22:00","date_gmt":"2018-04-19T02:22:00","guid":{"rendered":"http:\/\/blogdoedvaldomagalhaes.com.br\/index.php\/2018\/04\/18\/motorista-acusado-de-matar-casal-e\/"},"modified":"2019-02-09T02:09:43","modified_gmt":"2019-02-09T04:09:43","slug":"motorista-acusado-de-matar-casal-e","status":"publish","type":"post","link":"https:\/\/blogdoedvaldomagalhaes.com.br\/index.php\/2018\/04\/18\/motorista-acusado-de-matar-casal-e\/","title":{"rendered":"Motorista acusado de matar casal em acidente \u00e9 indiciado por homic\u00eddio doloso e qualificado"},"content":{"rendered":"<div class=\"separator\" style=\"clear: both; text-align: center;\">\n<a href=\"https:\/\/3.bp.blogspot.com\/-Y2dUNgLkXTg\/WtfSICJMSoI\/AAAAAAAAunw\/DQLu879IIFkF-WuvJ8WGNedeajL8GeSvACLcBGAs\/s1600\/carro.jpg\" imageanchor=\"1\" style=\"margin-left: 1em; margin-right: 1em;\"><img loading=\"lazy\" decoding=\"async\" border=\"0\" data-original-height=\"539\" data-original-width=\"960\" height=\"358\" src=\"http:\/\/blogdoedvaldomagalhaes.com.br\/wp-content\/uploads\/2018\/04\/carro-2.jpg\" width=\"640\" \/><\/a><\/div>\n<p><\/p>\n<div style=\"background-color: white; box-sizing: border-box; color: #222222; line-height: 26px; margin-bottom: 26px; text-align: justify;\">\nO motorista acusado de atropelar e matar um casal na noite da segunda-feira (19) de mar\u00e7o, na BR-232 em Caruaru, se apresentou \u00e0 pol\u00edcia no dia 22 de mar\u00e7o. O mesmo foi at\u00e9 a Delegacia de Homic\u00eddios do munic\u00edpio, onde ficou em silencio durante o depoimento e foi liberado naquela ocasi\u00e3o.<\/p>\n<div class=\"separator\" style=\"clear: both; text-align: center;\">\n<a href=\"https:\/\/3.bp.blogspot.com\/-4ngAqFqh0J8\/WthvJpwZZyI\/AAAAAAAAuoM\/RoqomUgQ9kEfgQcgJUmYZsEsLMOAIABngCLcBGAs\/s1600\/ele.jpg\" imageanchor=\"1\" style=\"margin-left: 1em; margin-right: 1em;\"><img loading=\"lazy\" decoding=\"async\" border=\"0\" data-original-height=\"193\" data-original-width=\"300\" height=\"411\" src=\"http:\/\/blogdoedvaldomagalhaes.com.br\/wp-content\/uploads\/2018\/04\/ele-3.jpg\" width=\"640\" \/><\/a><\/div>\n<\/div>\n<div style=\"background-color: white; box-sizing: border-box; color: #222222; line-height: 26px; margin-bottom: 26px; text-align: justify;\">\nNesta quarta-feira (18), o inqu\u00e9rito da Policia Civil ficou pronto e foi encaminhado \u00e0 Justi\u00e7a. Segundo o delegado M\u00e1rcio Martins, o condutor vai responder por homic\u00eddio doloso (quando h\u00e1 a inten\u00e7\u00e3o de matar) pela morte da mulher, e tamb\u00e9m vai responder por homic\u00eddio qualificado por meio cruel pela morte do motociclista<\/div>\n","protected":false},"excerpt":{"rendered":"<p>O motorista acusado de atropelar e matar um casal na noite da segunda-feira (19) de mar\u00e7o, na BR-232 em Caruaru,&hellip;<\/p>\n","protected":false},"author":1,"featured_media":0,"comment_status":"open","ping_status":"open","sticky":false,"template":"","format":"standard","meta":{"footnotes":""},"categories":[1],"tags":[2,2943,6],"class_list":["post-2678","post","type-post","status-publish","format-standard","hentry","category-sem-categoria","tag-blog-do-edvaldo-magalhaes","tag-motorista-acusado-de-matar-casal-em-acidente-e-indiciado-por-homicidio-doloso-e-qualificado","tag-noticias"],"_links":{"self":[{"href":"https:\/\/blogdoedvaldomagalhaes.com.br\/index.php\/wp-json\/wp\/v2\/posts\/2678","targetHints":{"allow":["GET"]}}],"collection":[{"href":"https:\/\/blogdoedvaldomagalhaes.com.br\/index.php\/wp-json\/wp\/v2\/posts"}],"about":[{"href":"https:\/\/blogdoedvaldomagalhaes.com.br\/index.php\/wp-json\/wp\/v2\/types\/post"}],"author":[{"embeddable":true,"href":"https:\/\/blogdoedvaldomagalhaes.com.br\/index.php\/wp-json\/wp\/v2\/users\/1"}],"replies":[{"embeddable":true,"href":"https:\/\/blogdoedvaldomagalhaes.com.br\/index.php\/wp-json\/wp\/v2\/comments?post=2678"}],"version-history":[{"count":1,"href":"https:\/\/blogdoedvaldomagalhaes.com.br\/index.php\/wp-json\/wp\/v2\/posts\/2678\/revisions"}],"predecessor-version":[{"id":29920,"href":"https:\/\/blogdoedvaldomagalhaes.com.br\/index.php\/wp-json\/wp\/v2\/posts\/2678\/revisions\/29920"}],"wp:attachment":[{"href":"https:\/\/blogdoedvaldomagalhaes.com.br\/index.php\/wp-json\/wp\/v2\/media?parent=2678"}],"wp:term":[{"taxonomy":"category","embeddable":true,"href":"https:\/\/blogdoedvaldomagalhaes.com.br\/index.php\/wp-json\/wp\/v2\/categories?post=2678"},{"taxonomy":"post_tag","embeddable":true,"href":"https:\/\/blogdoedvaldomagalhaes.com.br\/index.php\/wp-json\/wp\/v2\/tags?post=2678"}],"curies":[{"name":"wp","href":"https:\/\/api.w.org\/{rel}","templated":true}]}}