{"id":2677,"date":"2018-04-19T10:23:00","date_gmt":"2018-04-19T13:23:00","guid":{"rendered":"http:\/\/blogdoedvaldomagalhaes.com.br\/index.php\/2018\/04\/19\/dentistas-da-prefeitura-de-caruaru-co\/"},"modified":"2019-02-09T02:09:46","modified_gmt":"2019-02-09T04:09:46","slug":"dentistas-da-prefeitura-de-caruaru-co","status":"publish","type":"post","link":"https:\/\/blogdoedvaldomagalhaes.com.br\/index.php\/2018\/04\/19\/dentistas-da-prefeitura-de-caruaru-co\/","title":{"rendered":"Dentistas da Prefeitura de Caruaru com sal\u00e1rios congelados h\u00e1 sete anos esperam negocia\u00e7\u00e3o"},"content":{"rendered":"<div class=\"separator\" style=\"clear: both; text-align: center;\">\n<a href=\"https:\/\/3.bp.blogspot.com\/-_pqH59_GI_I\/Wtht8uXdm0I\/AAAAAAAAuoE\/_zy2BX0rov4WFX1zc0qR00boVvDkSPixgCLcBGAs\/s1600\/de.jpg\" imageanchor=\"1\" style=\"margin-left: 1em; margin-right: 1em;\"><img loading=\"lazy\" decoding=\"async\" border=\"0\" data-original-height=\"480\" data-original-width=\"640\" height=\"480\" src=\"http:\/\/blogdoedvaldomagalhaes.com.br\/wp-content\/uploads\/2018\/04\/de.jpg\" width=\"640\" \/><\/a><\/div>\n<p><\/p>\n<div style=\"background-color: white; box-sizing: border-box; line-height: 24px; margin-bottom: 10px; text-align: justify;\">\nCom o sal\u00e1rio congelado h\u00e1 sete anos, que corresponde a R$ 1.383,00 por 40 horas de trabalho semanais, os dentistas da Prefeitura de Caruaru esperam por uma resposta da gest\u00e3o para retomada das negocia\u00e7\u00f5es. Um encontro com a categoria foi agendado para 17 de janeiro e cancelado pela administra\u00e7\u00e3o.<\/div>\n<div style=\"background-color: white; box-sizing: border-box; line-height: 24px; margin-bottom: 10px; text-align: justify;\">\nOs profissionais ainda t\u00eam que arcar com outros preju\u00edzos, como o desconto integral da gratifica\u00e7\u00e3o do&nbsp;Programa&nbsp;Nacional de&nbsp;Melhoria do Acesso e da Qualidade&nbsp;da Aten\u00e7\u00e3o B\u00e1sica&nbsp;(Pmaq) durante as suas f\u00e9rias. A Prefeitura alega que o valor \u00e9 aplicado na contrata\u00e7\u00e3o de um profissional substituto.<\/div>\n<div style=\"background-color: white; box-sizing: border-box; line-height: 24px; margin-bottom: 10px; text-align: justify;\">\nNo entanto, a diretora do Sindicato dos Odontologistas no Estado de Pernambuco (Soepe), Za\u00edra Patr\u00edcia, afirmou que isso n\u00e3o ocorre e que a unidade de sa\u00fade fica sem o atendimento odontol\u00f3gico no per\u00edodo. Segundo ela, a administra\u00e7\u00e3o vem realizando outros descontos na folha de pagamento dos dentistas, considerados descabidos pelos profissionais. Um deles \u00e9 a reposi\u00e7\u00e3o do ter\u00e7o de f\u00e9rias referente apenas ao valor do sal\u00e1rio base, quando o desconto \u00e9 desse valor \u00e9 realizado sobre o montante das gratifica\u00e7\u00f5es.<\/div>\n<div style=\"background-color: white; box-sizing: border-box; line-height: 24px; margin-bottom: 10px; text-align: justify;\">\nA categoria tamb\u00e9m reivindica uma data-base para negocia\u00e7\u00e3o da pauta de reivindica\u00e7\u00f5es, que inclui melhores condi\u00e7\u00f5es de trabalho, para atender melhor a popula\u00e7\u00e3o.&nbsp;&nbsp;O presidente do Soepe, Ailton Coelho, ressalta o absurdo que a gest\u00e3o comete ao promover a desvaloriza\u00e7\u00e3o de profissionais que todos os dias est\u00e3o trabalhando nos postos de sa\u00fade para salvar vidas e recebendo pouco mais de um sal\u00e1rio m\u00ednimo por 40 horas semanais.<\/div>\n","protected":false},"excerpt":{"rendered":"<p>Com o sal\u00e1rio congelado h\u00e1 sete anos, que corresponde a R$ 1.383,00 por 40 horas de trabalho semanais, os dentistas&hellip;<\/p>\n","protected":false},"author":1,"featured_media":0,"comment_status":"open","ping_status":"open","sticky":false,"template":"","format":"standard","meta":{"footnotes":""},"categories":[1],"tags":[2,2942,6],"class_list":["post-2677","post","type-post","status-publish","format-standard","hentry","category-sem-categoria","tag-blog-do-edvaldo-magalhaes","tag-dentistas-da-prefeitura-de-caruaru-com-salarios-congelados-ha-sete-anos-esperam-negociacao","tag-noticias"],"_links":{"self":[{"href":"https:\/\/blogdoedvaldomagalhaes.com.br\/index.php\/wp-json\/wp\/v2\/posts\/2677","targetHints":{"allow":["GET"]}}],"collection":[{"href":"https:\/\/blogdoedvaldomagalhaes.com.br\/index.php\/wp-json\/wp\/v2\/posts"}],"about":[{"href":"https:\/\/blogdoedvaldomagalhaes.com.br\/index.php\/wp-json\/wp\/v2\/types\/post"}],"author":[{"embeddable":true,"href":"https:\/\/blogdoedvaldomagalhaes.com.br\/index.php\/wp-json\/wp\/v2\/users\/1"}],"replies":[{"embeddable":true,"href":"https:\/\/blogdoedvaldomagalhaes.com.br\/index.php\/wp-json\/wp\/v2\/comments?post=2677"}],"version-history":[{"count":1,"href":"https:\/\/blogdoedvaldomagalhaes.com.br\/index.php\/wp-json\/wp\/v2\/posts\/2677\/revisions"}],"predecessor-version":[{"id":29922,"href":"https:\/\/blogdoedvaldomagalhaes.com.br\/index.php\/wp-json\/wp\/v2\/posts\/2677\/revisions\/29922"}],"wp:attachment":[{"href":"https:\/\/blogdoedvaldomagalhaes.com.br\/index.php\/wp-json\/wp\/v2\/media?parent=2677"}],"wp:term":[{"taxonomy":"category","embeddable":true,"href":"https:\/\/blogdoedvaldomagalhaes.com.br\/index.php\/wp-json\/wp\/v2\/categories?post=2677"},{"taxonomy":"post_tag","embeddable":true,"href":"https:\/\/blogdoedvaldomagalhaes.com.br\/index.php\/wp-json\/wp\/v2\/tags?post=2677"}],"curies":[{"name":"wp","href":"https:\/\/api.w.org\/{rel}","templated":true}]}}