{"id":2634,"date":"2018-04-23T18:43:00","date_gmt":"2018-04-23T21:43:00","guid":{"rendered":"http:\/\/blogdoedvaldomagalhaes.com.br\/index.php\/2018\/04\/23\/idoso-atingido-violentamente-por-carro\/"},"modified":"2019-02-09T02:10:36","modified_gmt":"2019-02-09T04:10:36","slug":"idoso-atingido-violentamente-por-carro","status":"publish","type":"post","link":"https:\/\/blogdoedvaldomagalhaes.com.br\/index.php\/2018\/04\/23\/idoso-atingido-violentamente-por-carro\/","title":{"rendered":"Idoso atingido violentamente por carro na PE-160"},"content":{"rendered":"<div class=\"separator\" style=\"clear: both; text-align: center;\">\n<a href=\"https:\/\/3.bp.blogspot.com\/-wDkqwAIqqXc\/Wt4oWPKj9uI\/AAAAAAAAvDk\/RPNtsfLZCvUVKovQWb0WQqVvAtsL_2DTQCLcBGAs\/s1600\/carro%2B0.jpg\" imageanchor=\"1\" style=\"margin-left: 1em; margin-right: 1em;\"><img loading=\"lazy\" decoding=\"async\" border=\"0\" data-original-height=\"360\" data-original-width=\"640\" height=\"360\" src=\"http:\/\/blogdoedvaldomagalhaes.com.br\/wp-content\/uploads\/2018\/04\/carro0-1.jpg\" width=\"640\" \/><\/a><\/div>\n<div class=\"separator\" style=\"clear: both; text-align: center;\">\nFotos: WhatsApp\/Cortesia<\/div>\n<div class=\"separator\" style=\"clear: both; text-align: center;\">\n<\/div>\n<div class=\"separator\" style=\"clear: both; text-align: center;\">\n<a href=\"https:\/\/4.bp.blogspot.com\/-CYH_ZAckgJ4\/Wt4oNHEBgxI\/AAAAAAAAvDY\/h1K1SbJxJ-Ul6fwQHm7qKBnxgr6Ox9KdACLcBGAs\/s1600\/carro%2B4.jpg\" imageanchor=\"1\" style=\"margin-left: 1em; margin-right: 1em;\"><img loading=\"lazy\" decoding=\"async\" border=\"0\" data-original-height=\"360\" data-original-width=\"640\" height=\"360\" src=\"http:\/\/blogdoedvaldomagalhaes.com.br\/wp-content\/uploads\/2018\/04\/carro4-1.jpg\" width=\"640\" \/><\/a><\/div>\n<p><\/p>\n<div class=\"separator\" style=\"clear: both; text-align: center;\">\n<a href=\"https:\/\/3.bp.blogspot.com\/-lxVkBw8tZFw\/Wt4oO4DKiqI\/AAAAAAAAvDc\/1FeixQPVc4wpWe5VEGScY12wQjghiA7dgCLcBGAs\/s1600\/carro%2B2.jpg\" imageanchor=\"1\" style=\"margin-left: 1em; margin-right: 1em;\"><img loading=\"lazy\" decoding=\"async\" border=\"0\" data-original-height=\"360\" data-original-width=\"640\" height=\"360\" src=\"http:\/\/blogdoedvaldomagalhaes.com.br\/wp-content\/uploads\/2018\/04\/carro2-1.jpg\" width=\"640\" \/><\/a><\/div>\n<p><\/p>\n<div class=\"separator\" style=\"clear: both; text-align: center;\">\n<a href=\"https:\/\/2.bp.blogspot.com\/-EiZbmHPsdHI\/Wt4oQf4GkcI\/AAAAAAAAvDg\/LNFJzLNVExI7_1B7Q8qXg6xjVvyNScLuACLcBGAs\/s1600\/carro%2B3.jpg\" imageanchor=\"1\" style=\"margin-left: 1em; margin-right: 1em;\"><img loading=\"lazy\" decoding=\"async\" border=\"0\" data-original-height=\"360\" data-original-width=\"640\" height=\"360\" src=\"http:\/\/blogdoedvaldomagalhaes.com.br\/wp-content\/uploads\/2018\/04\/carro3.jpg\" width=\"640\" \/><\/a><\/div>\n<div style=\"text-align: justify;\">\n<\/div>\n<div style=\"text-align: justify;\">\nNa manh\u00e3 desta segunda-feira (23), mais um acidente foi registrado na conhecida &#8220;Volta do Serrote&#8221;, em Santa Cruz do Capibaribe, no Agreste de Pernambuco.<\/div>\n<div style=\"text-align: justify;\">\n<\/div>\n<div style=\"text-align: justify;\">\nSegundo informa\u00e7\u00f5es, Vanessa La\u00eds estava dirigindo o ve\u00edculo Chevrolet modelo Celta trafegava pela PE-160, quando ao avistar uma po\u00e7a d&#8217;\u00e1gua tentou frear e perdeu o controle do carro, atingindo o idoso Paulo Monteiro Silva, de 62 anos. Vanessa n\u00e3o teve ferimento, e permaneceu no local do acidente, acompanhando o atendimento a v\u00edtima.<\/div>\n<div style=\"text-align: justify;\">\n<\/div>\n<div style=\"text-align: justify;\">\nUma equipe do SAMU esteve no local, e fez os primeiros socorros, em seguida levou a v\u00edtima para a Unidade de Pronto Atendimento (UPA) de Santa Cruz do Capibaribe. O idoso est\u00e1 consciente, e o quadro de sa\u00fade dele \u00e9 est\u00e1vel. Ele foi transferido para o Hospital da Restaura\u00e7\u00e3o (HR), em Recife, para uma avalia\u00e7\u00e3o completa do estado de sa\u00fade dele.<\/div>\n<div style=\"text-align: justify;\">\n<\/div>\n<div style=\"text-align: justify;\">\nAinda de acordo com os guardas municipais, a motorista, Vanessa La\u00eds, permaneceu no local do acidente, acompanhando o caso. Ela n\u00e3o se feriu.<\/div>\n<p><\/p>\n<div style=\"text-align: justify;\">\n<\/div>\n","protected":false},"excerpt":{"rendered":"<p>Fotos: WhatsApp\/Cortesia Na manh\u00e3 desta segunda-feira (23), mais um acidente foi registrado na conhecida &#8220;Volta do Serrote&#8221;, em Santa Cruz&hellip;<\/p>\n","protected":false},"author":1,"featured_media":0,"comment_status":"open","ping_status":"open","sticky":false,"template":"","format":"standard","meta":{"footnotes":""},"categories":[1],"tags":[2,2887,6],"class_list":["post-2634","post","type-post","status-publish","format-standard","hentry","category-sem-categoria","tag-blog-do-edvaldo-magalhaes","tag-idoso-atingido-violentamente-por-carro-na-pe-160","tag-noticias"],"_links":{"self":[{"href":"https:\/\/blogdoedvaldomagalhaes.com.br\/index.php\/wp-json\/wp\/v2\/posts\/2634","targetHints":{"allow":["GET"]}}],"collection":[{"href":"https:\/\/blogdoedvaldomagalhaes.com.br\/index.php\/wp-json\/wp\/v2\/posts"}],"about":[{"href":"https:\/\/blogdoedvaldomagalhaes.com.br\/index.php\/wp-json\/wp\/v2\/types\/post"}],"author":[{"embeddable":true,"href":"https:\/\/blogdoedvaldomagalhaes.com.br\/index.php\/wp-json\/wp\/v2\/users\/1"}],"replies":[{"embeddable":true,"href":"https:\/\/blogdoedvaldomagalhaes.com.br\/index.php\/wp-json\/wp\/v2\/comments?post=2634"}],"version-history":[{"count":1,"href":"https:\/\/blogdoedvaldomagalhaes.com.br\/index.php\/wp-json\/wp\/v2\/posts\/2634\/revisions"}],"predecessor-version":[{"id":30090,"href":"https:\/\/blogdoedvaldomagalhaes.com.br\/index.php\/wp-json\/wp\/v2\/posts\/2634\/revisions\/30090"}],"wp:attachment":[{"href":"https:\/\/blogdoedvaldomagalhaes.com.br\/index.php\/wp-json\/wp\/v2\/media?parent=2634"}],"wp:term":[{"taxonomy":"category","embeddable":true,"href":"https:\/\/blogdoedvaldomagalhaes.com.br\/index.php\/wp-json\/wp\/v2\/categories?post=2634"},{"taxonomy":"post_tag","embeddable":true,"href":"https:\/\/blogdoedvaldomagalhaes.com.br\/index.php\/wp-json\/wp\/v2\/tags?post=2634"}],"curies":[{"name":"wp","href":"https:\/\/api.w.org\/{rel}","templated":true}]}}