{"id":2630,"date":"2018-04-23T22:30:00","date_gmt":"2018-04-24T01:30:00","guid":{"rendered":"http:\/\/blogdoedvaldomagalhaes.com.br\/index.php\/2018\/04\/23\/regulamentacao-dos-aplicativos-de\/"},"modified":"2019-02-09T02:10:38","modified_gmt":"2019-02-09T04:10:38","slug":"regulamentacao-dos-aplicativos-de","status":"publish","type":"post","link":"https:\/\/blogdoedvaldomagalhaes.com.br\/index.php\/2018\/04\/23\/regulamentacao-dos-aplicativos-de\/","title":{"rendered":"Regulamenta\u00e7\u00e3o dos aplicativos de transporte de passageiros ser\u00e1 tema de audi\u00eancia p\u00fablica na C\u00e2mara de Caruaru"},"content":{"rendered":"<div class=\"separator\" style=\"clear: both; text-align: center;\">\n<a href=\"https:\/\/2.bp.blogspot.com\/-nQF7S7bh1yE\/Wt5eP7PX5XI\/AAAAAAAAvEs\/8Q_WY7uQgWkNPyIvdVhOzC5D4HEjctbFwCLcBGAs\/s1600\/aplitcivo.jpg\" imageanchor=\"1\" style=\"margin-left: 1em; margin-right: 1em;\"><img loading=\"lazy\" decoding=\"async\" border=\"0\" data-original-height=\"500\" data-original-width=\"845\" height=\"374\" src=\"http:\/\/blogdoedvaldomagalhaes.com.br\/wp-content\/uploads\/2018\/04\/aplitcivo.jpg\" width=\"640\" \/><\/a><\/div>\n<div style=\"text-align: justify;\">\n<\/div>\n<div style=\"text-align: justify;\">\nA C\u00e2mara de Vereadores de Caruaru realiza na nesta quarta-feira (25), \u00e0s 9h, uma audi\u00eancia p\u00fablica para debater a regulamenta\u00e7\u00e3o dos aplicativos de transporte privado de passageiros na cidade, propositura do&nbsp;vereador Alberes Lopes (PSC).<\/div>\n<div style=\"text-align: justify;\">\n<\/div>\n<div style=\"text-align: justify;\">\nO objetivo de promover o debate entre o poder p\u00fablico, os representantes e motoristas dos aplicativos e a popula\u00e7\u00e3o que \u00e9 impactada pelo servi\u00e7o. Alberes tamb\u00e9m foi o autor da audi\u00eancia que debateu os impactos da implanta\u00e7\u00e3o do Uber em Caruaru, em mar\u00e7o de 2017.&nbsp; &nbsp;<\/div>\n<div style=\"text-align: justify;\">\n<\/div>\n<div style=\"text-align: justify;\">\nA partir da lei sancionada pelo presidente Michel Temer no m\u00eas passado, caber\u00e1 aos munic\u00edpios regulamentar e fiscalizar o transporte privado de passageiros por aplicativos, como a cobran\u00e7a dos tributos municipais e exigir antecedentes criminais dos motoristas, entre outras exig\u00eancias.<\/div>\n<div style=\"text-align: justify;\">\n<\/div>\n<div style=\"text-align: justify;\">\nA audi\u00eancia p\u00fablica \u00e9 aberta ao p\u00fablico e est\u00e3o sendo aguardados representantes do poder p\u00fablico, dos aplicativos de transporte privado de passageiros, dos taxistas, dos mototaxistas, representantes da sociedade civil organizada, por meios das entidades sindicais e associa\u00e7\u00f5es interessadas com o tema, e a popula\u00e7\u00e3o no geral.&nbsp;<\/div>\n","protected":false},"excerpt":{"rendered":"<p>A C\u00e2mara de Vereadores de Caruaru realiza na nesta quarta-feira (25), \u00e0s 9h, uma audi\u00eancia p\u00fablica para debater a regulamenta\u00e7\u00e3o&hellip;<\/p>\n","protected":false},"author":1,"featured_media":0,"comment_status":"open","ping_status":"open","sticky":false,"template":"","format":"standard","meta":{"footnotes":""},"categories":[1],"tags":[2,1950,20,2882],"class_list":["post-2630","post","type-post","status-publish","format-standard","hentry","category-sem-categoria","tag-blog-do-edvaldo-magalhaes","tag-noticias-de-caruaru","tag-politica","tag-regulamentacao-dos-aplicativos-de-transporte-de-passageiros-sera-tema-de-audiencia-publica-na-camara-de-caruaru"],"_links":{"self":[{"href":"https:\/\/blogdoedvaldomagalhaes.com.br\/index.php\/wp-json\/wp\/v2\/posts\/2630","targetHints":{"allow":["GET"]}}],"collection":[{"href":"https:\/\/blogdoedvaldomagalhaes.com.br\/index.php\/wp-json\/wp\/v2\/posts"}],"about":[{"href":"https:\/\/blogdoedvaldomagalhaes.com.br\/index.php\/wp-json\/wp\/v2\/types\/post"}],"author":[{"embeddable":true,"href":"https:\/\/blogdoedvaldomagalhaes.com.br\/index.php\/wp-json\/wp\/v2\/users\/1"}],"replies":[{"embeddable":true,"href":"https:\/\/blogdoedvaldomagalhaes.com.br\/index.php\/wp-json\/wp\/v2\/comments?post=2630"}],"version-history":[{"count":1,"href":"https:\/\/blogdoedvaldomagalhaes.com.br\/index.php\/wp-json\/wp\/v2\/posts\/2630\/revisions"}],"predecessor-version":[{"id":30098,"href":"https:\/\/blogdoedvaldomagalhaes.com.br\/index.php\/wp-json\/wp\/v2\/posts\/2630\/revisions\/30098"}],"wp:attachment":[{"href":"https:\/\/blogdoedvaldomagalhaes.com.br\/index.php\/wp-json\/wp\/v2\/media?parent=2630"}],"wp:term":[{"taxonomy":"category","embeddable":true,"href":"https:\/\/blogdoedvaldomagalhaes.com.br\/index.php\/wp-json\/wp\/v2\/categories?post=2630"},{"taxonomy":"post_tag","embeddable":true,"href":"https:\/\/blogdoedvaldomagalhaes.com.br\/index.php\/wp-json\/wp\/v2\/tags?post=2630"}],"curies":[{"name":"wp","href":"https:\/\/api.w.org\/{rel}","templated":true}]}}