{"id":2629,"date":"2018-04-23T22:39:00","date_gmt":"2018-04-24T01:39:00","guid":{"rendered":"http:\/\/blogdoedvaldomagalhaes.com.br\/index.php\/2018\/04\/23\/lancamento-do-comite-popular-em-defesa\/"},"modified":"2019-02-09T02:10:38","modified_gmt":"2019-02-09T04:10:38","slug":"lancamento-do-comite-popular-em-defesa","status":"publish","type":"post","link":"https:\/\/blogdoedvaldomagalhaes.com.br\/index.php\/2018\/04\/23\/lancamento-do-comite-popular-em-defesa\/","title":{"rendered":"Lan\u00e7amento do Comit\u00ea Popular  em Defesa da Democracia de Lula em Caruaru"},"content":{"rendered":"<div class=\"separator\" style=\"clear: both; text-align: center;\">\n<a href=\"https:\/\/1.bp.blogspot.com\/-aaL-pJWKYQ8\/Wt5gcTo1EdI\/AAAAAAAAvE4\/6Uyv2Ldhh84ZTk8seZJRi50AvF9yXEihACLcBGAs\/s1600\/IMG-20180423-WA0218.jpg\" imageanchor=\"1\" style=\"margin-left: 1em; margin-right: 1em;\"><img loading=\"lazy\" decoding=\"async\" border=\"0\" data-original-height=\"1181\" data-original-width=\"1181\" height=\"640\" src=\"http:\/\/blogdoedvaldomagalhaes.com.br\/wp-content\/uploads\/2018\/04\/IMG-20180423-WA0218.jpg\" width=\"640\" \/><\/a><\/div>\n<p><\/p>\n<pre class=\"aLF-aPX-K0-aPE\" style=\"background-color: white; text-align: justify; user-select: text; white-space: pre-wrap; word-wrap: break-word;\">Na pr\u00f3xima quinta-feira (26) vai acontecer o lan\u00e7amento do Comit\u00ea Popular em Defesa da Democracia e de Lula, na Casa do Trabalhador, localizada no Sindicato dos Trabalhares Rurais de Caruaru, na avenida Joaquim Nabuco, no bairro Divin\u00f3polis, a partir das 18h30.<\/pre>\n<pre class=\"aLF-aPX-K0-aPE\" style=\"background-color: white; text-align: justify; user-select: text; white-space: pre-wrap; word-wrap: break-word;\">\n<\/pre>\n<pre class=\"aLF-aPX-K0-aPE\" style=\"background-color: white; text-align: justify; user-select: text; white-space: pre-wrap; word-wrap: break-word;\">Haver\u00e1 a presen\u00e7a da deputada estadual e dirigente nacional do Partido dos Trabalhadores (PT), Teresa Leit\u00e3o, da vereadora do Recife pelo PT e pr\u00e9-candidata ao Governo do Estado, Mar\u00edlia Arraes, e do vereador de Caruaru, Daniel Finizola, al\u00e9m de v\u00e1rias representa\u00e7\u00f5es de movimentos sociais.<\/pre>\n","protected":false},"excerpt":{"rendered":"<p>Na pr\u00f3xima quinta-feira (26) vai acontecer o lan\u00e7amento do Comit\u00ea Popular em Defesa da Democracia e de Lula, na Casa&hellip;<\/p>\n","protected":false},"author":1,"featured_media":0,"comment_status":"open","ping_status":"open","sticky":false,"template":"","format":"standard","meta":{"footnotes":""},"categories":[1],"tags":[2,2881,20],"class_list":["post-2629","post","type-post","status-publish","format-standard","hentry","category-sem-categoria","tag-blog-do-edvaldo-magalhaes","tag-lancamento-do-comite-popular-em-defesa-da-democracia-de-lula-em-caruaru","tag-politica"],"_links":{"self":[{"href":"https:\/\/blogdoedvaldomagalhaes.com.br\/index.php\/wp-json\/wp\/v2\/posts\/2629","targetHints":{"allow":["GET"]}}],"collection":[{"href":"https:\/\/blogdoedvaldomagalhaes.com.br\/index.php\/wp-json\/wp\/v2\/posts"}],"about":[{"href":"https:\/\/blogdoedvaldomagalhaes.com.br\/index.php\/wp-json\/wp\/v2\/types\/post"}],"author":[{"embeddable":true,"href":"https:\/\/blogdoedvaldomagalhaes.com.br\/index.php\/wp-json\/wp\/v2\/users\/1"}],"replies":[{"embeddable":true,"href":"https:\/\/blogdoedvaldomagalhaes.com.br\/index.php\/wp-json\/wp\/v2\/comments?post=2629"}],"version-history":[{"count":1,"href":"https:\/\/blogdoedvaldomagalhaes.com.br\/index.php\/wp-json\/wp\/v2\/posts\/2629\/revisions"}],"predecessor-version":[{"id":30100,"href":"https:\/\/blogdoedvaldomagalhaes.com.br\/index.php\/wp-json\/wp\/v2\/posts\/2629\/revisions\/30100"}],"wp:attachment":[{"href":"https:\/\/blogdoedvaldomagalhaes.com.br\/index.php\/wp-json\/wp\/v2\/media?parent=2629"}],"wp:term":[{"taxonomy":"category","embeddable":true,"href":"https:\/\/blogdoedvaldomagalhaes.com.br\/index.php\/wp-json\/wp\/v2\/categories?post=2629"},{"taxonomy":"post_tag","embeddable":true,"href":"https:\/\/blogdoedvaldomagalhaes.com.br\/index.php\/wp-json\/wp\/v2\/tags?post=2629"}],"curies":[{"name":"wp","href":"https:\/\/api.w.org\/{rel}","templated":true}]}}