{"id":2628,"date":"2018-04-24T10:23:00","date_gmt":"2018-04-24T13:23:00","guid":{"rendered":"http:\/\/blogdoedvaldomagalhaes.com.br\/index.php\/2018\/04\/24\/caruaru-justica-manda-prender-motorista\/"},"modified":"2019-02-09T02:10:38","modified_gmt":"2019-02-09T04:10:38","slug":"caruaru-justica-manda-prender-motorista","status":"publish","type":"post","link":"https:\/\/blogdoedvaldomagalhaes.com.br\/index.php\/2018\/04\/24\/caruaru-justica-manda-prender-motorista\/","title":{"rendered":"Caruaru: Justi\u00e7a manda prender motorista acusado de matar casal em acidente"},"content":{"rendered":"<div class=\"separator\" style=\"clear: both; text-align: center;\">\n<a href=\"https:\/\/1.bp.blogspot.com\/-HAFQrGwTOw4\/Wt8EzGzamOI\/AAAAAAAAvFI\/hLHRBeUK_ZEgkcoxX169YTfvec02TYMPQCLcBGAs\/s1600\/ele.jpg\" imageanchor=\"1\" style=\"margin-left: 1em; margin-right: 1em;\"><img loading=\"lazy\" decoding=\"async\" border=\"0\" data-original-height=\"193\" data-original-width=\"300\" height=\"411\" src=\"http:\/\/blogdoedvaldomagalhaes.com.br\/wp-content\/uploads\/2018\/04\/ele-5.jpg\" width=\"640\" \/><\/a><\/div>\n<div class=\"separator\" style=\"clear: both; text-align: center;\">\nFoto: Josias Souza\/Cortesia<\/div>\n<div style=\"background-color: white; box-sizing: border-box; line-height: 24px; margin-bottom: 10px; text-align: justify;\">\n<\/div>\n<div style=\"background-color: white; box-sizing: border-box; line-height: 24px; margin-bottom: 10px; text-align: justify;\">\nA Justi\u00e7a autorizou a pris\u00e3o do motorista Jos\u00e9 Aur\u00e9lio Santos de Meira, 36 anos, indiciado por homic\u00eddio doloso e qualificado em Caruaru, Agreste pernambucano. Ele \u00e9 acusado de causar um acidente com duas mortes. O mandado de pris\u00e3o pode ser cumprido a qualquer momento.&nbsp;<a href=\"http:\/\/liberdade.com.br\/policia-conclui-inquerito-e-indicia-motorista-que-matou-casal-em-acidente-em-caruaru\/\" style=\"background-color: transparent; box-sizing: border-box; text-decoration-line: none; transition: 0.3s;\">A Pol\u00edcia Civil concluiu o inqu\u00e9rito sobre o acidente no dia 18 de abril<\/a>.<\/div>\n<div style=\"background-color: white; box-sizing: border-box; line-height: 24px; margin-bottom: 10px; text-align: justify;\">\nO acidente aconteceu na noite de 19 de mar\u00e7o, nas proximidades da UPAE, acesso a BR-Caruaru. O casal estava em uma motocicleta, que foi violentamente atingida pelo ve\u00edculo Golf. Rog\u00e9rio Jos\u00e9 Santos da Silva, 31 anos, e Adelma Ala\u00edde da Silva, 29, morreram no Hospital Regional do Agreste (HRA). Rog\u00e9rio foi arrastado por cerca de 500 metros at\u00e9 a Rua do Vassoural.<\/div>\n<div style=\"background-color: white; box-sizing: border-box; line-height: 24px; margin-bottom: 10px; text-align: justify;\">\nInforma\u00e7\u00f5es da R\u00e1dio Liberdade.<\/div>\n","protected":false},"excerpt":{"rendered":"<p>Foto: Josias Souza\/Cortesia A Justi\u00e7a autorizou a pris\u00e3o do motorista Jos\u00e9 Aur\u00e9lio Santos de Meira, 36 anos, indiciado por homic\u00eddio&hellip;<\/p>\n","protected":false},"author":1,"featured_media":0,"comment_status":"open","ping_status":"open","sticky":false,"template":"","format":"standard","meta":{"footnotes":""},"categories":[1],"tags":[2,2880,6],"class_list":["post-2628","post","type-post","status-publish","format-standard","hentry","category-sem-categoria","tag-blog-do-edvaldo-magalhaes","tag-caruaru-caruaru-justica-manda-prender-motorista-acusado-de-matar-casal-em-acidente","tag-noticias"],"_links":{"self":[{"href":"https:\/\/blogdoedvaldomagalhaes.com.br\/index.php\/wp-json\/wp\/v2\/posts\/2628","targetHints":{"allow":["GET"]}}],"collection":[{"href":"https:\/\/blogdoedvaldomagalhaes.com.br\/index.php\/wp-json\/wp\/v2\/posts"}],"about":[{"href":"https:\/\/blogdoedvaldomagalhaes.com.br\/index.php\/wp-json\/wp\/v2\/types\/post"}],"author":[{"embeddable":true,"href":"https:\/\/blogdoedvaldomagalhaes.com.br\/index.php\/wp-json\/wp\/v2\/users\/1"}],"replies":[{"embeddable":true,"href":"https:\/\/blogdoedvaldomagalhaes.com.br\/index.php\/wp-json\/wp\/v2\/comments?post=2628"}],"version-history":[{"count":1,"href":"https:\/\/blogdoedvaldomagalhaes.com.br\/index.php\/wp-json\/wp\/v2\/posts\/2628\/revisions"}],"predecessor-version":[{"id":30102,"href":"https:\/\/blogdoedvaldomagalhaes.com.br\/index.php\/wp-json\/wp\/v2\/posts\/2628\/revisions\/30102"}],"wp:attachment":[{"href":"https:\/\/blogdoedvaldomagalhaes.com.br\/index.php\/wp-json\/wp\/v2\/media?parent=2628"}],"wp:term":[{"taxonomy":"category","embeddable":true,"href":"https:\/\/blogdoedvaldomagalhaes.com.br\/index.php\/wp-json\/wp\/v2\/categories?post=2628"},{"taxonomy":"post_tag","embeddable":true,"href":"https:\/\/blogdoedvaldomagalhaes.com.br\/index.php\/wp-json\/wp\/v2\/tags?post=2628"}],"curies":[{"name":"wp","href":"https:\/\/api.w.org\/{rel}","templated":true}]}}