{"id":2626,"date":"2018-04-24T10:34:00","date_gmt":"2018-04-24T13:34:00","guid":{"rendered":"http:\/\/blogdoedvaldomagalhaes.com.br\/index.php\/2018\/04\/24\/cidade-de-jatauba-volta-receber-agua\/"},"modified":"2019-02-09T02:10:42","modified_gmt":"2019-02-09T04:10:42","slug":"cidade-de-jatauba-volta-receber-agua","status":"publish","type":"post","link":"https:\/\/blogdoedvaldomagalhaes.com.br\/index.php\/2018\/04\/24\/cidade-de-jatauba-volta-receber-agua\/","title":{"rendered":"Cidade de Jata\u00faba volta a receber \u00e1gua ap\u00f3s seis anos de colapso"},"content":{"rendered":"<div class=\"separator\" style=\"clear: both; text-align: center;\">\n<a href=\"https:\/\/3.bp.blogspot.com\/-OQGOKlUNOo4\/Wt8IEQiuIsI\/AAAAAAAAvF0\/OmohWg01C9Ub04WDuDcfnnwJ0VAv3_-4gCLcBGAs\/s1600\/agua.jpg\" imageanchor=\"1\" style=\"margin-left: 1em; margin-right: 1em;\"><img loading=\"lazy\" decoding=\"async\" border=\"0\" data-original-height=\"768\" data-original-width=\"1024\" height=\"474\" src=\"http:\/\/blogdoedvaldomagalhaes.com.br\/wp-content\/uploads\/2018\/04\/agua.jpg\" width=\"640\" \/><\/a><\/div>\n<div style=\"background-color: white; border: 0px; color: #4b4b4b; margin-bottom: 1.5em; outline: 0px; padding: 0px; text-align: justify; vertical-align: baseline;\">\n<\/div>\n<div style=\"background-color: white; border: 0px; margin-bottom: 1.5em; outline: 0px; padding: 0px; text-align: justify; vertical-align: baseline;\">\nAbrir as torneiras e ver a \u00e1gua saindo provocou emo\u00e7\u00e3o e al\u00edvio para a popula\u00e7\u00e3o de Jata\u00faba, na regi\u00e3o Agreste. \u201cO pessoal da Compesa disse que traria a \u00e1gua em um m\u00eas e, antes do per\u00edodo prometido, chegou em nossa cidade. \u00c9 um grande al\u00edvio\u201d, comemorou Severino Neto. Lavar os pratos com \u00e1gua na torneira \u00e9 motivo de felicidade para a dona de casa Maria de F\u00e1tima. \u201cEstou muito alegre com a volta do abastecimento, ap\u00f3s tantos anos sem \u00e1gua. Agora podemos realizar as nossas atividades di\u00e1rias sem maiores preocupa\u00e7\u00f5es\u201d, afirmou a moradora. A companhia voltou a abastecer a cidade ap\u00f3s seis anos consecutivos de seca na regi\u00e3o. Isso porque as chuvas registradas neste in\u00edcio de inverno garantiram a r\u00e1pida recupera\u00e7\u00e3o dos dois mananciais que atendem Jata\u00faba, as barragens de S\u00edtio Luiza e Po\u00e7o Fundo.<\/div>\n<div style=\"background-color: white; border: 0px; margin-bottom: 1.5em; outline: 0px; padding: 0px; text-align: justify; vertical-align: baseline;\">\nUma boa parte da cidade j\u00e1 est\u00e1 recebendo \u00e1gua pela rede de distribui\u00e7\u00e3o e a expectativa dos t\u00e9cnicos \u00e9 que, dentro de 30 dias, toda a popula\u00e7\u00e3o de Jata\u00faba, 17 mil pessoas, esteja com o abastecimento regularizado. A Compesa ainda n\u00e3o est\u00e1 operando com a capacidade m\u00e1xima do sistema. A libera\u00e7\u00e3o da \u00e1gua est\u00e1 sendo feita de forma gradativa para evitar estouramentos. A fase de testes para o retorno da opera\u00e7\u00e3o do sistema foi iniciada no \u00faltimo dia 11, confirmando a expectativa de prazo anunciada pela Companhia Pernambucana de Saneamento (Compesa), no final de mar\u00e7o.<\/div>\n<div style=\"background-color: white; border: 0px; margin-bottom: 1.5em; outline: 0px; padding: 0px; text-align: justify; vertical-align: baseline;\">\nO gerente de Unidade de Neg\u00f3cios da Compesa, Bruno Adelino alerta que, durante essa fase de ajustes operacionais, \u00e9 normal ocorrer vazamentos na adutora e rede de distribui\u00e7\u00e3o. Ele adianta que sempre que isso ocorre \u00e9 preciso paralisar o sistema para as a\u00e7\u00f5es corretivas. \u201cEstamos com equipes permanentes para corrigir com rapidez\u201d, explicou. Para abastecer a cidade, al\u00e9m da Barragem do S\u00edtio Luiza, localizada em Jata\u00faba e que agora acumula 300 mil metros c\u00fabicos de \u00e1gua, a Compesa tamb\u00e9m utiliza \u00e1gua da Barragem de Po\u00e7o Fundo, no munic\u00edpio de Santa Cruz do Capibaribe, e que atingiu 30,34% da sua capacidade m\u00e1xima \u2013 que \u00e9 de 27,6 milh\u00f5es de metros c\u00fabicos de \u00e1gua.<\/div>\n<div style=\"background-color: white; border: 0px; margin-bottom: 1.5em; outline: 0px; padding: 0px; text-align: justify; vertical-align: baseline;\">\nInforma\u00e7\u00f5es e foto: Pedro Neto\/Oficina Comunica\u00e7\u00e3o.<\/div>\n","protected":false},"excerpt":{"rendered":"<p>Abrir as torneiras e ver a \u00e1gua saindo provocou emo\u00e7\u00e3o e al\u00edvio para a popula\u00e7\u00e3o de Jata\u00faba, na regi\u00e3o Agreste.&hellip;<\/p>\n","protected":false},"author":1,"featured_media":0,"comment_status":"open","ping_status":"open","sticky":false,"template":"","format":"standard","meta":{"footnotes":""},"categories":[1],"tags":[2,2877,6],"class_list":["post-2626","post","type-post","status-publish","format-standard","hentry","category-sem-categoria","tag-blog-do-edvaldo-magalhaes","tag-cidade-de-jatauba-volta-a-receber-agua-apos-seis-anos-de-colapso","tag-noticias"],"_links":{"self":[{"href":"https:\/\/blogdoedvaldomagalhaes.com.br\/index.php\/wp-json\/wp\/v2\/posts\/2626","targetHints":{"allow":["GET"]}}],"collection":[{"href":"https:\/\/blogdoedvaldomagalhaes.com.br\/index.php\/wp-json\/wp\/v2\/posts"}],"about":[{"href":"https:\/\/blogdoedvaldomagalhaes.com.br\/index.php\/wp-json\/wp\/v2\/types\/post"}],"author":[{"embeddable":true,"href":"https:\/\/blogdoedvaldomagalhaes.com.br\/index.php\/wp-json\/wp\/v2\/users\/1"}],"replies":[{"embeddable":true,"href":"https:\/\/blogdoedvaldomagalhaes.com.br\/index.php\/wp-json\/wp\/v2\/comments?post=2626"}],"version-history":[{"count":1,"href":"https:\/\/blogdoedvaldomagalhaes.com.br\/index.php\/wp-json\/wp\/v2\/posts\/2626\/revisions"}],"predecessor-version":[{"id":30109,"href":"https:\/\/blogdoedvaldomagalhaes.com.br\/index.php\/wp-json\/wp\/v2\/posts\/2626\/revisions\/30109"}],"wp:attachment":[{"href":"https:\/\/blogdoedvaldomagalhaes.com.br\/index.php\/wp-json\/wp\/v2\/media?parent=2626"}],"wp:term":[{"taxonomy":"category","embeddable":true,"href":"https:\/\/blogdoedvaldomagalhaes.com.br\/index.php\/wp-json\/wp\/v2\/categories?post=2626"},{"taxonomy":"post_tag","embeddable":true,"href":"https:\/\/blogdoedvaldomagalhaes.com.br\/index.php\/wp-json\/wp\/v2\/tags?post=2626"}],"curies":[{"name":"wp","href":"https:\/\/api.w.org\/{rel}","templated":true}]}}