{"id":2625,"date":"2018-04-24T13:04:00","date_gmt":"2018-04-24T16:04:00","guid":{"rendered":"http:\/\/blogdoedvaldomagalhaes.com.br\/index.php\/2018\/04\/24\/dupla-e-detida-com-maconha-em-caruaru\/"},"modified":"2019-02-09T02:10:42","modified_gmt":"2019-02-09T04:10:42","slug":"dupla-e-detida-com-maconha-em-caruaru","status":"publish","type":"post","link":"https:\/\/blogdoedvaldomagalhaes.com.br\/index.php\/2018\/04\/24\/dupla-e-detida-com-maconha-em-caruaru\/","title":{"rendered":"Dupla \u00e9 detida com maconha em Caruaru"},"content":{"rendered":"<div class=\"separator\" style=\"clear: both; text-align: center;\">\n<a href=\"https:\/\/2.bp.blogspot.com\/-UDjolueYce4\/Wt8qg6fPQeI\/AAAAAAAAvGE\/v3TI_UUeHAwLke-SnAqTAaNXiVkRjGq_wCLcBGAs\/s1600\/IMG-20180424-WA0056.jpg\" imageanchor=\"1\" style=\"margin-left: 1em; margin-right: 1em;\"><img loading=\"lazy\" decoding=\"async\" border=\"0\" data-original-height=\"774\" data-original-width=\"1032\" height=\"480\" src=\"http:\/\/blogdoedvaldomagalhaes.com.br\/wp-content\/uploads\/2018\/04\/IMG-20180424-WA0056.jpg\" width=\"640\" \/><\/a><\/div>\n<div>\n<div style=\"text-align: justify;\">\n<div style=\"text-align: center;\">\nFoto: PMPE\/Divulga\u00e7\u00e3o<\/div>\n<div style=\"text-align: center;\">\n<\/div>\n<\/div>\n<div style=\"text-align: justify;\">\nUm jovem de 19 anos foi preso e um adolescente de 17, apreendido, no final da tarde desta segunda-feira (23\/04), por policiais militares do 4\u00ba BPM. Eles s\u00e3o acusados de tr\u00e1fico de drogas e foram capturados na Rua Banc\u00e1rio Marc\u00edlio Fernandes, bairro de Divin\u00f3polis, em Caruaru, no Agreste pernambucano.<\/div>\n<div style=\"text-align: justify;\">\n<\/div>\n<div style=\"text-align: justify;\">\nO efetivo foi mobilizado gra\u00e7as a informa\u00e7\u00f5es colhidas pelo N\u00facleo de Intelig\u00eancia do Agreste, que informou ter conhecimento de duas pessoas traficando no local. Ao chegar na rua indicada, os policiais encontraram os rapazes e, com eles, 2,3kg de maconha, uma balan\u00e7a de precis\u00e3o e R$ 110 em esp\u00e9cie.<\/div>\n<div style=\"text-align: justify;\">\n<\/div>\n<div style=\"text-align: justify;\">\nDiante dos fatos, eles foram conduzidos para a Delegacia de Pol\u00edcia para que fossem tomadas as medidas cab\u00edveis nesse tipo de situa\u00e7\u00e3o.<\/div>\n<\/div>\n","protected":false},"excerpt":{"rendered":"<p>Foto: PMPE\/Divulga\u00e7\u00e3o Um jovem de 19 anos foi preso e um adolescente de 17, apreendido, no final da tarde desta&hellip;<\/p>\n","protected":false},"author":1,"featured_media":0,"comment_status":"open","ping_status":"open","sticky":false,"template":"","format":"standard","meta":{"footnotes":""},"categories":[1],"tags":[2,2876,13],"class_list":["post-2625","post","type-post","status-publish","format-standard","hentry","category-sem-categoria","tag-blog-do-edvaldo-magalhaes","tag-dupla-e-detida-com-maconha-em-caruaru","tag-policial"],"_links":{"self":[{"href":"https:\/\/blogdoedvaldomagalhaes.com.br\/index.php\/wp-json\/wp\/v2\/posts\/2625","targetHints":{"allow":["GET"]}}],"collection":[{"href":"https:\/\/blogdoedvaldomagalhaes.com.br\/index.php\/wp-json\/wp\/v2\/posts"}],"about":[{"href":"https:\/\/blogdoedvaldomagalhaes.com.br\/index.php\/wp-json\/wp\/v2\/types\/post"}],"author":[{"embeddable":true,"href":"https:\/\/blogdoedvaldomagalhaes.com.br\/index.php\/wp-json\/wp\/v2\/users\/1"}],"replies":[{"embeddable":true,"href":"https:\/\/blogdoedvaldomagalhaes.com.br\/index.php\/wp-json\/wp\/v2\/comments?post=2625"}],"version-history":[{"count":1,"href":"https:\/\/blogdoedvaldomagalhaes.com.br\/index.php\/wp-json\/wp\/v2\/posts\/2625\/revisions"}],"predecessor-version":[{"id":30111,"href":"https:\/\/blogdoedvaldomagalhaes.com.br\/index.php\/wp-json\/wp\/v2\/posts\/2625\/revisions\/30111"}],"wp:attachment":[{"href":"https:\/\/blogdoedvaldomagalhaes.com.br\/index.php\/wp-json\/wp\/v2\/media?parent=2625"}],"wp:term":[{"taxonomy":"category","embeddable":true,"href":"https:\/\/blogdoedvaldomagalhaes.com.br\/index.php\/wp-json\/wp\/v2\/categories?post=2625"},{"taxonomy":"post_tag","embeddable":true,"href":"https:\/\/blogdoedvaldomagalhaes.com.br\/index.php\/wp-json\/wp\/v2\/tags?post=2625"}],"curies":[{"name":"wp","href":"https:\/\/api.w.org\/{rel}","templated":true}]}}