{"id":2624,"date":"2018-04-24T15:20:00","date_gmt":"2018-04-24T18:20:00","guid":{"rendered":"http:\/\/blogdoedvaldomagalhaes.com.br\/index.php\/2018\/04\/24\/homem-encontrado-morto-dentro-da-2\/"},"modified":"2019-02-09T02:10:43","modified_gmt":"2019-02-09T04:10:43","slug":"homem-encontrado-morto-dentro-da-2","status":"publish","type":"post","link":"https:\/\/blogdoedvaldomagalhaes.com.br\/index.php\/2018\/04\/24\/homem-encontrado-morto-dentro-da-2\/","title":{"rendered":"Homem encontrado morto dentro da pr\u00f3pria resid\u00eancia em Caruaru"},"content":{"rendered":"<div class=\"separator\" style=\"clear: both; text-align: center;\">\n<a href=\"https:\/\/2.bp.blogspot.com\/-RIh-OBvGomw\/Wt9LDp1W9OI\/AAAAAAAAvIM\/4e-jOQVjoB4rnTx7yWDsG4nWkFX2tpJNgCLcBGAs\/s1600\/20180424_113310.jpg\" imageanchor=\"1\" style=\"margin-left: 1em; margin-right: 1em;\"><img loading=\"lazy\" decoding=\"async\" border=\"0\" data-original-height=\"900\" data-original-width=\"1600\" height=\"360\" src=\"http:\/\/blogdoedvaldomagalhaes.com.br\/wp-content\/uploads\/2018\/04\/20180424_113310.jpg\" width=\"640\" \/><\/a><\/div>\n<p><\/p>\n<div style=\"background-color: white; margin-bottom: 6px; margin-top: 6px; text-align: justify;\">\nNa manh\u00e3 desta ter\u00e7a feira (24), um homem foi encontrado morto dentro da pr\u00f3pria resid\u00eancia, no Loteamento Para\u00edso, em Caruaru. A v\u00edtima foi Jucelino Ferreira da Silva, de 27 anos, que trabalhava em um supermercado. Inicialmente houve uma suspeita de homic\u00eddio, ma logo ap\u00f3s o levantamento cadav\u00e9rico, a per\u00edcia informou que o homem morreu devido uma descarga el\u00e9trica. Um fio de energia foi encontrado no corpo da v\u00edtima.&nbsp;<\/div>\n<div>\n<\/p>\n<div class=\"separator\" style=\"clear: both; text-align: center;\">\n<a href=\"https:\/\/3.bp.blogspot.com\/-NfCI78T-ySc\/Wt9LLcRGpuI\/AAAAAAAAvIQ\/R1Y3NoPr0WcDl6BEhW8cwgjitx6LWFrkACLcBGAs\/s1600\/20180424_114227.jpg\" imageanchor=\"1\" style=\"margin-left: 1em; margin-right: 1em;\"><img loading=\"lazy\" decoding=\"async\" border=\"0\" data-original-height=\"900\" data-original-width=\"1600\" height=\"360\" src=\"http:\/\/blogdoedvaldomagalhaes.com.br\/wp-content\/uploads\/2018\/04\/20180424_114227.jpg\" width=\"640\" \/><\/a>&nbsp;<\/div>\n<p><\/p>\n<div class=\"separator\" style=\"clear: both; text-align: center;\">\n<a href=\"https:\/\/3.bp.blogspot.com\/-I3xK2fchrOU\/Wt9LNvvtOuI\/AAAAAAAAvIU\/18ozivST3FMdJ3NkmFajATGulK7iXfIPQCLcBGAs\/s1600\/20180424_114235.jpg\" imageanchor=\"1\" style=\"margin-left: 1em; margin-right: 1em;\"><img loading=\"lazy\" decoding=\"async\" border=\"0\" data-original-height=\"900\" data-original-width=\"1600\" height=\"360\" src=\"http:\/\/blogdoedvaldomagalhaes.com.br\/wp-content\/uploads\/2018\/04\/20180424_114235.jpg\" width=\"640\" \/><\/a><\/div>\n<\/div>\n","protected":false},"excerpt":{"rendered":"<p>Na manh\u00e3 desta ter\u00e7a feira (24), um homem foi encontrado morto dentro da pr\u00f3pria resid\u00eancia, no Loteamento Para\u00edso, em Caruaru.&hellip;<\/p>\n","protected":false},"author":1,"featured_media":0,"comment_status":"open","ping_status":"open","sticky":false,"template":"","format":"standard","meta":{"footnotes":""},"categories":[1],"tags":[2,1875,13],"class_list":["post-2624","post","type-post","status-publish","format-standard","hentry","category-sem-categoria","tag-blog-do-edvaldo-magalhaes","tag-homem-encontrado-morto-dentro-da-propria-residencia-em-caruaru","tag-policial"],"_links":{"self":[{"href":"https:\/\/blogdoedvaldomagalhaes.com.br\/index.php\/wp-json\/wp\/v2\/posts\/2624","targetHints":{"allow":["GET"]}}],"collection":[{"href":"https:\/\/blogdoedvaldomagalhaes.com.br\/index.php\/wp-json\/wp\/v2\/posts"}],"about":[{"href":"https:\/\/blogdoedvaldomagalhaes.com.br\/index.php\/wp-json\/wp\/v2\/types\/post"}],"author":[{"embeddable":true,"href":"https:\/\/blogdoedvaldomagalhaes.com.br\/index.php\/wp-json\/wp\/v2\/users\/1"}],"replies":[{"embeddable":true,"href":"https:\/\/blogdoedvaldomagalhaes.com.br\/index.php\/wp-json\/wp\/v2\/comments?post=2624"}],"version-history":[{"count":1,"href":"https:\/\/blogdoedvaldomagalhaes.com.br\/index.php\/wp-json\/wp\/v2\/posts\/2624\/revisions"}],"predecessor-version":[{"id":30115,"href":"https:\/\/blogdoedvaldomagalhaes.com.br\/index.php\/wp-json\/wp\/v2\/posts\/2624\/revisions\/30115"}],"wp:attachment":[{"href":"https:\/\/blogdoedvaldomagalhaes.com.br\/index.php\/wp-json\/wp\/v2\/media?parent=2624"}],"wp:term":[{"taxonomy":"category","embeddable":true,"href":"https:\/\/blogdoedvaldomagalhaes.com.br\/index.php\/wp-json\/wp\/v2\/categories?post=2624"},{"taxonomy":"post_tag","embeddable":true,"href":"https:\/\/blogdoedvaldomagalhaes.com.br\/index.php\/wp-json\/wp\/v2\/tags?post=2624"}],"curies":[{"name":"wp","href":"https:\/\/api.w.org\/{rel}","templated":true}]}}