{"id":2623,"date":"2018-04-24T15:34:00","date_gmt":"2018-04-24T18:34:00","guid":{"rendered":"http:\/\/blogdoedvaldomagalhaes.com.br\/index.php\/2018\/04\/24\/der-inicia-servico-de-recuperacao-e\/"},"modified":"2019-02-09T02:10:43","modified_gmt":"2019-02-09T04:10:43","slug":"der-inicia-servico-de-recuperacao-e","status":"publish","type":"post","link":"https:\/\/blogdoedvaldomagalhaes.com.br\/index.php\/2018\/04\/24\/der-inicia-servico-de-recuperacao-e\/","title":{"rendered":"DER inicia servi\u00e7o de recupera\u00e7\u00e3o em rodovia que liga BR-104 ao HRA"},"content":{"rendered":"<div class=\"separator\" style=\"clear: both; text-align: center;\">\n<\/div>\n<p><\/p>\n<div class=\"separator\" style=\"clear: both; text-align: center;\">\n<a href=\"https:\/\/2.bp.blogspot.com\/-EPt4jnqnpnU\/Wt9OM7w8SmI\/AAAAAAAAvI8\/C5FHy94fmycYayaLwZJT3C4tos9Gie_pQCLcBGAs\/s1600\/der.jpg\" imageanchor=\"1\" style=\"margin-left: 1em; margin-right: 1em;\"><img loading=\"lazy\" decoding=\"async\" border=\"0\" data-original-height=\"375\" data-original-width=\"500\" height=\"480\" src=\"http:\/\/blogdoedvaldomagalhaes.com.br\/wp-content\/uploads\/2018\/04\/der.jpg\" width=\"640\" \/><\/a><\/div>\n<div class=\"separator\" style=\"clear: both; text-align: center;\">\n<\/div>\n<div style=\"background-color: white; box-sizing: border-box; line-height: 24px; margin-bottom: 10px; text-align: justify;\">\nO Departamento de Estradas de Rodagem (DER) iniciou nesta ter\u00e7a-feira (24) servi\u00e7os de recupera\u00e7\u00e3o da rodovia que liga a BR-104 ao Hospital Regional do Agreste (HRA), em Caruaru. As obras de recapeamento acontecem ap\u00f3s v\u00e1rios meses a popula\u00e7\u00e3o enfrentando buraqueira e reivindicando melhorias por parte das autoridades.<\/div>\n<div style=\"background-color: white; box-sizing: border-box; line-height: 24px; margin-bottom: 10px; text-align: justify;\">\nO deputado estadual Tony Gel, do MDB, apresentou a situa\u00e7\u00e3o ca\u00f3tica em que se encontrava o trecho e teve pedido atendido pelo governador Paulo C\u00e2mara.<\/div>\n<div class=\"separator\" style=\"clear: both; text-align: center;\">\n<a href=\"https:\/\/1.bp.blogspot.com\/-A1DFqxWRnnQ\/Wt9OLZJP6gI\/AAAAAAAAvI4\/lfTsLPxu-3gwTYGCOMvPTpOMBWDQes41ACLcBGAs\/s1600\/der%2B1.jpg\" imageanchor=\"1\" style=\"margin-left: 1em; margin-right: 1em;\"><img loading=\"lazy\" decoding=\"async\" border=\"0\" data-original-height=\"375\" data-original-width=\"500\" height=\"480\" src=\"http:\/\/blogdoedvaldomagalhaes.com.br\/wp-content\/uploads\/2018\/04\/der1.jpg\" width=\"640\" \/><\/a><\/div>\n<p><\/p>\n","protected":false},"excerpt":{"rendered":"<p>O Departamento de Estradas de Rodagem (DER) iniciou nesta ter\u00e7a-feira (24) servi\u00e7os de recupera\u00e7\u00e3o da rodovia que liga a BR-104&hellip;<\/p>\n","protected":false},"author":1,"featured_media":0,"comment_status":"open","ping_status":"open","sticky":false,"template":"","format":"standard","meta":{"footnotes":""},"categories":[1],"tags":[2,2874,2875,6,1950,995],"class_list":["post-2623","post","type-post","status-publish","format-standard","hentry","category-sem-categoria","tag-blog-do-edvaldo-magalhaes","tag-der-inicia-servico-de-recuperacao-em-rodovia-que-liga-br-104-ao-hra","tag-mdb","tag-noticias","tag-noticias-de-caruaru","tag-tony-gel"],"_links":{"self":[{"href":"https:\/\/blogdoedvaldomagalhaes.com.br\/index.php\/wp-json\/wp\/v2\/posts\/2623","targetHints":{"allow":["GET"]}}],"collection":[{"href":"https:\/\/blogdoedvaldomagalhaes.com.br\/index.php\/wp-json\/wp\/v2\/posts"}],"about":[{"href":"https:\/\/blogdoedvaldomagalhaes.com.br\/index.php\/wp-json\/wp\/v2\/types\/post"}],"author":[{"embeddable":true,"href":"https:\/\/blogdoedvaldomagalhaes.com.br\/index.php\/wp-json\/wp\/v2\/users\/1"}],"replies":[{"embeddable":true,"href":"https:\/\/blogdoedvaldomagalhaes.com.br\/index.php\/wp-json\/wp\/v2\/comments?post=2623"}],"version-history":[{"count":1,"href":"https:\/\/blogdoedvaldomagalhaes.com.br\/index.php\/wp-json\/wp\/v2\/posts\/2623\/revisions"}],"predecessor-version":[{"id":30118,"href":"https:\/\/blogdoedvaldomagalhaes.com.br\/index.php\/wp-json\/wp\/v2\/posts\/2623\/revisions\/30118"}],"wp:attachment":[{"href":"https:\/\/blogdoedvaldomagalhaes.com.br\/index.php\/wp-json\/wp\/v2\/media?parent=2623"}],"wp:term":[{"taxonomy":"category","embeddable":true,"href":"https:\/\/blogdoedvaldomagalhaes.com.br\/index.php\/wp-json\/wp\/v2\/categories?post=2623"},{"taxonomy":"post_tag","embeddable":true,"href":"https:\/\/blogdoedvaldomagalhaes.com.br\/index.php\/wp-json\/wp\/v2\/tags?post=2623"}],"curies":[{"name":"wp","href":"https:\/\/api.w.org\/{rel}","templated":true}]}}