{"id":2621,"date":"2018-04-24T19:47:00","date_gmt":"2018-04-24T22:47:00","guid":{"rendered":"http:\/\/blogdoedvaldomagalhaes.com.br\/index.php\/2018\/04\/24\/sesc-caruaru-inscreve-para-copa-de\/"},"modified":"2019-02-09T02:10:44","modified_gmt":"2019-02-09T04:10:44","slug":"sesc-caruaru-inscreve-para-copa-de","status":"publish","type":"post","link":"https:\/\/blogdoedvaldomagalhaes.com.br\/index.php\/2018\/04\/24\/sesc-caruaru-inscreve-para-copa-de\/","title":{"rendered":"Sesc Caruaru inscreve para Copa de Futsal at\u00e9 sexta-feira"},"content":{"rendered":"<div class=\"separator\" style=\"clear: both; text-align: center;\">\n<a href=\"https:\/\/2.bp.blogspot.com\/-e_yLUcbgtrY\/Wt-JqMggMII\/AAAAAAAAvJw\/ub4qL21HqwU3QusW78HJI6zgZE1O-FyJgCLcBGAs\/s1600\/ses%2Bc%2B1.JPG\" imageanchor=\"1\" style=\"margin-left: 1em; margin-right: 1em;\"><img loading=\"lazy\" decoding=\"async\" border=\"0\" data-original-height=\"1200\" data-original-width=\"1600\" height=\"480\" src=\"http:\/\/blogdoedvaldomagalhaes.com.br\/wp-content\/uploads\/2018\/04\/sesc1-1.jpg\" width=\"640\" \/><\/a><\/div>\n<div style=\"text-align: justify;\">\n<\/div>\n<div style=\"text-align: justify;\">\nAs equipes que ainda n\u00e3o se inscreveram para Copa Ver\u00e3o de Futsal Masculino do Sesc Caruaru, categoria sub-20, devem se apressar para garantir vaga na competi\u00e7\u00e3o que ter\u00e1 as inscri\u00e7\u00f5es encerradas nesta sexta-feira, dia 27 de abril. Os interessados devem se dirigir ao Ponto de Atendimento da unidade, das 8h \u00e0s 21h, para participar da tradicional disputa.<\/div>\n<div style=\"text-align: justify;\">\n<\/div>\n<div style=\"text-align: justify;\">\nNo ato da inscri\u00e7\u00e3o, que custa R$ 300 por equipe, \u00e9 necess\u00e1rio apresentar nome completo e RG dos atletas e preencher a ficha de inscri\u00e7\u00e3o. O torneio come\u00e7a no dia 29 de abril e segue at\u00e9 27 de maio, com jogos sempre aos domingos, das 9h30 \u00e0s 14h, no gin\u00e1sio de esportes do Sesc Caruaru. A competi\u00e7\u00e3o envolve equipes escolares, de clubes e de demais agremia\u00e7\u00f5es. Os tr\u00eas primeiros colocados ser\u00e3o premiados com medalhas e trof\u00e9us.<\/div>\n<div style=\"text-align: justify;\">\n<\/div>\n<div style=\"text-align: justify;\">\nA entrada para assistir aos jogos \u00e9 gratuita. Para jogar, o atleta deve apresentar documento de identidade com foto.<\/div>\n","protected":false},"excerpt":{"rendered":"<p>As equipes que ainda n\u00e3o se inscreveram para Copa Ver\u00e3o de Futsal Masculino do Sesc Caruaru, categoria sub-20, devem se&hellip;<\/p>\n","protected":false},"author":1,"featured_media":0,"comment_status":"open","ping_status":"open","sticky":false,"template":"","format":"standard","meta":{"footnotes":""},"categories":[1],"tags":[2,3,1950,2871],"class_list":["post-2621","post","type-post","status-publish","format-standard","hentry","category-sem-categoria","tag-blog-do-edvaldo-magalhaes","tag-futebol","tag-noticias-de-caruaru","tag-sesc-caruaru-inscreve-para-copa-de-futsal-ate-sexta-feira"],"_links":{"self":[{"href":"https:\/\/blogdoedvaldomagalhaes.com.br\/index.php\/wp-json\/wp\/v2\/posts\/2621","targetHints":{"allow":["GET"]}}],"collection":[{"href":"https:\/\/blogdoedvaldomagalhaes.com.br\/index.php\/wp-json\/wp\/v2\/posts"}],"about":[{"href":"https:\/\/blogdoedvaldomagalhaes.com.br\/index.php\/wp-json\/wp\/v2\/types\/post"}],"author":[{"embeddable":true,"href":"https:\/\/blogdoedvaldomagalhaes.com.br\/index.php\/wp-json\/wp\/v2\/users\/1"}],"replies":[{"embeddable":true,"href":"https:\/\/blogdoedvaldomagalhaes.com.br\/index.php\/wp-json\/wp\/v2\/comments?post=2621"}],"version-history":[{"count":1,"href":"https:\/\/blogdoedvaldomagalhaes.com.br\/index.php\/wp-json\/wp\/v2\/posts\/2621\/revisions"}],"predecessor-version":[{"id":30122,"href":"https:\/\/blogdoedvaldomagalhaes.com.br\/index.php\/wp-json\/wp\/v2\/posts\/2621\/revisions\/30122"}],"wp:attachment":[{"href":"https:\/\/blogdoedvaldomagalhaes.com.br\/index.php\/wp-json\/wp\/v2\/media?parent=2621"}],"wp:term":[{"taxonomy":"category","embeddable":true,"href":"https:\/\/blogdoedvaldomagalhaes.com.br\/index.php\/wp-json\/wp\/v2\/categories?post=2621"},{"taxonomy":"post_tag","embeddable":true,"href":"https:\/\/blogdoedvaldomagalhaes.com.br\/index.php\/wp-json\/wp\/v2\/tags?post=2621"}],"curies":[{"name":"wp","href":"https:\/\/api.w.org\/{rel}","templated":true}]}}