{"id":2619,"date":"2018-04-24T19:51:00","date_gmt":"2018-04-24T22:51:00","guid":{"rendered":"http:\/\/blogdoedvaldomagalhaes.com.br\/index.php\/2018\/04\/24\/fotografo-jackson-carvalho-ganha\/"},"modified":"2019-02-09T02:10:45","modified_gmt":"2019-02-09T04:10:45","slug":"fotografo-jackson-carvalho-ganha","status":"publish","type":"post","link":"https:\/\/blogdoedvaldomagalhaes.com.br\/index.php\/2018\/04\/24\/fotografo-jackson-carvalho-ganha\/","title":{"rendered":"Fot\u00f3grafo Jackson Carvalho ganha medalha de ouro no Oscar Mundial da Fotografia de Arte"},"content":{"rendered":"<div class=\"separator\" style=\"clear: both; text-align: center;\">\n<a href=\"https:\/\/2.bp.blogspot.com\/-hn1xVlWtdEM\/Wt-Kr7L3tGI\/AAAAAAAAvKA\/MJF-zqZ8NvIw2z9m5s1P71gL4q_Vh4SqACLcBGAs\/s1600\/jackon.jpeg\" imageanchor=\"1\" style=\"margin-left: 1em; margin-right: 1em;\"><img loading=\"lazy\" decoding=\"async\" border=\"0\" data-original-height=\"720\" data-original-width=\"1280\" height=\"360\" src=\"http:\/\/blogdoedvaldomagalhaes.com.br\/wp-content\/uploads\/2018\/04\/jackon.jpeg\" width=\"640\" \/><\/a><\/div>\n<div style=\"background-color: white; text-align: justify;\">\n<\/div>\n<div style=\"background-color: white; text-align: justify;\">\nO fot\u00f3grafo Jackson Carvalho recebeu mais um pr\u00eamio internacional no in\u00edcio desta semana. Sempre presente nos principais concursos fotogr\u00e1ficos do mundo, que j\u00e1 lhe renderam v\u00e1rias premia\u00e7\u00f5es \u2013 como o de &#8220;Melhor fot\u00f3grafo do ano em 2016&#8221; na categoria arquitetura do pr\u00eamio internacional One Eyeland Awards -, o tamb\u00e9m publicit\u00e1rio recebeu a not\u00edcia, direto da \u00c1ustria, que foi condecorado com uma medalha de Ouro no Oscar Mundial da Fotografia de Arte, o Trierenberg Super Circuit 2018. Em sua 27\u00aa Edi\u00e7\u00e3o, a premia\u00e7\u00e3o re\u00fane um n\u00famero recorde de participantes, com milhares de fot\u00f3grafos do mundo inteiro.&nbsp;<\/div>\n<div style=\"background-color: white; text-align: justify;\">\n<\/div>\n<div style=\"background-color: white; text-align: justify;\">\nA foto vencedora deste ano foi a &#8220;The Big Apple&#8221;, medalhista de ouro na categoria &#8220;NUDE&#8221;. Esta \u00e9 a quinta vez, nos \u00faltimos quatro anos, que Carvalho conquista a premia\u00e7\u00e3o. Ap\u00f3s saber que conquistou mais um ouro, o sentimento foi de gratid\u00e3o. &#8220;Meus agradecimentos a todos os envolvidos, em especial a modelo Iris Gomes, ao produtor Augusto Cavalcanti Wanderley, ao assistente Eduardo Sud\u00e1rio e um agradecimento super especial \u00e0 minha esposa Rebeca Flor\u00eancio Carvalho, pelo seu apoio, motiva\u00e7\u00e3o e inspira\u00e7\u00e3o para meu trabalho.&#8221;<\/div>\n","protected":false},"excerpt":{"rendered":"<p>O fot\u00f3grafo Jackson Carvalho recebeu mais um pr\u00eamio internacional no in\u00edcio desta semana. Sempre presente nos principais concursos fotogr\u00e1ficos do&hellip;<\/p>\n","protected":false},"author":1,"featured_media":0,"comment_status":"open","ping_status":"open","sticky":false,"template":"","format":"standard","meta":{"footnotes":""},"categories":[1],"tags":[2,2869,6],"class_list":["post-2619","post","type-post","status-publish","format-standard","hentry","category-sem-categoria","tag-blog-do-edvaldo-magalhaes","tag-fotografo-jackson-carvalho-ganha-medalha-de-ouro-no-oscar-mundial-da-fotografia-de-arte","tag-noticias"],"_links":{"self":[{"href":"https:\/\/blogdoedvaldomagalhaes.com.br\/index.php\/wp-json\/wp\/v2\/posts\/2619","targetHints":{"allow":["GET"]}}],"collection":[{"href":"https:\/\/blogdoedvaldomagalhaes.com.br\/index.php\/wp-json\/wp\/v2\/posts"}],"about":[{"href":"https:\/\/blogdoedvaldomagalhaes.com.br\/index.php\/wp-json\/wp\/v2\/types\/post"}],"author":[{"embeddable":true,"href":"https:\/\/blogdoedvaldomagalhaes.com.br\/index.php\/wp-json\/wp\/v2\/users\/1"}],"replies":[{"embeddable":true,"href":"https:\/\/blogdoedvaldomagalhaes.com.br\/index.php\/wp-json\/wp\/v2\/comments?post=2619"}],"version-history":[{"count":1,"href":"https:\/\/blogdoedvaldomagalhaes.com.br\/index.php\/wp-json\/wp\/v2\/posts\/2619\/revisions"}],"predecessor-version":[{"id":30126,"href":"https:\/\/blogdoedvaldomagalhaes.com.br\/index.php\/wp-json\/wp\/v2\/posts\/2619\/revisions\/30126"}],"wp:attachment":[{"href":"https:\/\/blogdoedvaldomagalhaes.com.br\/index.php\/wp-json\/wp\/v2\/media?parent=2619"}],"wp:term":[{"taxonomy":"category","embeddable":true,"href":"https:\/\/blogdoedvaldomagalhaes.com.br\/index.php\/wp-json\/wp\/v2\/categories?post=2619"},{"taxonomy":"post_tag","embeddable":true,"href":"https:\/\/blogdoedvaldomagalhaes.com.br\/index.php\/wp-json\/wp\/v2\/tags?post=2619"}],"curies":[{"name":"wp","href":"https:\/\/api.w.org\/{rel}","templated":true}]}}