{"id":2618,"date":"2018-04-24T19:58:00","date_gmt":"2018-04-24T22:58:00","guid":{"rendered":"http:\/\/blogdoedvaldomagalhaes.com.br\/index.php\/2018\/04\/24\/nelsinho-baptista-faz-duras-criticas\/"},"modified":"2019-02-09T02:10:45","modified_gmt":"2019-02-09T04:10:45","slug":"nelsinho-baptista-faz-duras-criticas","status":"publish","type":"post","link":"https:\/\/blogdoedvaldomagalhaes.com.br\/index.php\/2018\/04\/24\/nelsinho-baptista-faz-duras-criticas\/","title":{"rendered":"Nelsinho Baptista faz duras cr\u00edticas \u00e0 diretoria do Sport e anuncia sa\u00edda do clube"},"content":{"rendered":"<div class=\"separator\" style=\"clear: both; text-align: center;\">\n<a href=\"https:\/\/2.bp.blogspot.com\/-nIOwmKMWkyg\/Wt-LcEClfeI\/AAAAAAAAvKI\/XoDBvOizo9Aj6Xj785_OCuKDfuYK7t__gCLcBGAs\/s1600\/nelsiho.jpeg\" imageanchor=\"1\" style=\"margin-left: 1em; margin-right: 1em;\"><img loading=\"lazy\" decoding=\"async\" border=\"0\" data-original-height=\"682\" data-original-width=\"1024\" height=\"426\" src=\"http:\/\/blogdoedvaldomagalhaes.com.br\/wp-content\/uploads\/2018\/04\/nelsiho.jpeg\" width=\"640\" \/><\/a><\/div>\n<div class=\"separator\" style=\"clear: both; text-align: center;\">\n&nbsp;Foto: Williams Aguiar\/Sport<\/div>\n<div class=\"separator\" style=\"clear: both; text-align: center;\">\n<\/div>\n<div class=\"selectionShareable\" style=\"box-sizing: border-box; letter-spacing: 0.1px; line-height: 1.5em; margin-bottom: 1em; text-align: justify;\">\nO t\u00e9cnico Nelsinho convocou a imprensa,&nbsp; e fez duras cr\u00edticas \u00e0 diretoria do Sport, nesta ter\u00e7a-feira (24), e o principal alvo foi Leonardo Lopes. \u201cExiste uma grande mentira no final, quando ele diz que, essa semana, ele deu totais condi\u00e7\u00f5es de trabalho para a gente ir para o jogo de ontem. Mentira, nem no CT ele apareceu\u201d, disse.<\/div>\n<div class=\"selectionShareable\" style=\"box-sizing: border-box; letter-spacing: 0.1px; line-height: 1.5em; margin-bottom: 1em; text-align: justify;\">\n\u201cN\u00e3o sou um profissional qualquer. Eu sou um profissional que tem de carreira, de futebol, 55 anos. O que eles est\u00e3o querendo armar eu j\u00e1 detecto muito antes. S\u00f3 que h\u00e1 dez anos atr\u00e1s [em sua segunda passagem pelo Sport] eu sa\u00ed calado daqui. Dessa vez eu n\u00e3o poderia sair calado. Eu tenho que denunciar\u201d, reiterou Nelsinho, campe\u00e3o da Copa do Brasil com o Sport em 2008. \u201cEu sinto muito pelo pela institui\u00e7\u00e3o. Pelo torcedor, que comparece, que \u00e9 fan\u00e1tico. Eu sinto muito e agrade\u00e7o muito o apoio deles\u201d.<\/div>\n<div class=\"selectionShareable\" style=\"box-sizing: border-box; letter-spacing: 0.1px; line-height: 1.5em; margin-bottom: 1em; text-align: justify;\">\nNelsinho Baptista encerra sua terceira passagem pelo Sport, de maneira conturbada. Na passagem anterior pela Ilha do Retiro, entre 2008 e 2009, o treinador foi bicampe\u00e3o pernambucano e levantou uma Copa do Brasil. J\u00e1 na terceira passagem, que come\u00e7ou em dezembro de 2017, o Sport terceiro lugar no&nbsp;<strong style=\"box-sizing: border-box;\"><a href=\"https:\/\/www.gazetaesportiva.com\/campeonatos\/pernambucano\/\" style=\"box-sizing: border-box; text-decoration-line: none; transition: all 0.2s;\">Campeonato Pernambucano<\/a><\/strong>&nbsp;e n\u00e3o venceu nos dois primeiros jogos do&nbsp;<strong style=\"box-sizing: border-box;\"><a href=\"https:\/\/www.gazetaesportiva.com\/campeonatos\/brasileiro-serie-a\/\" style=\"box-sizing: border-box; text-decoration-line: none; transition: all 0.2s;\">Campeonato Brasileiro<\/a><\/strong>.<\/p>\n<p>O auxiliar-t\u00e9cnico Daniel Paulista tamb\u00e9m est\u00e1 fora do Sport.<\/p><\/div>\n","protected":false},"excerpt":{"rendered":"<p>&nbsp;Foto: Williams Aguiar\/Sport O t\u00e9cnico Nelsinho convocou a imprensa,&nbsp; e fez duras cr\u00edticas \u00e0 diretoria do Sport, nesta ter\u00e7a-feira (24),&hellip;<\/p>\n","protected":false},"author":1,"featured_media":0,"comment_status":"open","ping_status":"open","sticky":false,"template":"","format":"standard","meta":{"footnotes":""},"categories":[1],"tags":[2,3,2868],"class_list":["post-2618","post","type-post","status-publish","format-standard","hentry","category-sem-categoria","tag-blog-do-edvaldo-magalhaes","tag-futebol","tag-nelsinho-baptista-faz-duras-criticas-a-diretoria-do-sport-e-anuncia-saida-do-clube"],"_links":{"self":[{"href":"https:\/\/blogdoedvaldomagalhaes.com.br\/index.php\/wp-json\/wp\/v2\/posts\/2618","targetHints":{"allow":["GET"]}}],"collection":[{"href":"https:\/\/blogdoedvaldomagalhaes.com.br\/index.php\/wp-json\/wp\/v2\/posts"}],"about":[{"href":"https:\/\/blogdoedvaldomagalhaes.com.br\/index.php\/wp-json\/wp\/v2\/types\/post"}],"author":[{"embeddable":true,"href":"https:\/\/blogdoedvaldomagalhaes.com.br\/index.php\/wp-json\/wp\/v2\/users\/1"}],"replies":[{"embeddable":true,"href":"https:\/\/blogdoedvaldomagalhaes.com.br\/index.php\/wp-json\/wp\/v2\/comments?post=2618"}],"version-history":[{"count":1,"href":"https:\/\/blogdoedvaldomagalhaes.com.br\/index.php\/wp-json\/wp\/v2\/posts\/2618\/revisions"}],"predecessor-version":[{"id":30128,"href":"https:\/\/blogdoedvaldomagalhaes.com.br\/index.php\/wp-json\/wp\/v2\/posts\/2618\/revisions\/30128"}],"wp:attachment":[{"href":"https:\/\/blogdoedvaldomagalhaes.com.br\/index.php\/wp-json\/wp\/v2\/media?parent=2618"}],"wp:term":[{"taxonomy":"category","embeddable":true,"href":"https:\/\/blogdoedvaldomagalhaes.com.br\/index.php\/wp-json\/wp\/v2\/categories?post=2618"},{"taxonomy":"post_tag","embeddable":true,"href":"https:\/\/blogdoedvaldomagalhaes.com.br\/index.php\/wp-json\/wp\/v2\/tags?post=2618"}],"curies":[{"name":"wp","href":"https:\/\/api.w.org\/{rel}","templated":true}]}}