{"id":2617,"date":"2018-04-24T21:18:00","date_gmt":"2018-04-25T00:18:00","guid":{"rendered":"http:\/\/blogdoedvaldomagalhaes.com.br\/index.php\/2018\/04\/24\/morre-no-hra-jovem-de-18-anos-que-foi\/"},"modified":"2019-02-09T02:10:48","modified_gmt":"2019-02-09T04:10:48","slug":"morre-no-hra-jovem-de-18-anos-que-foi","status":"publish","type":"post","link":"https:\/\/blogdoedvaldomagalhaes.com.br\/index.php\/2018\/04\/24\/morre-no-hra-jovem-de-18-anos-que-foi\/","title":{"rendered":"Morre no HRA jovem de 18 anos que foi baleado em Caruaru"},"content":{"rendered":"<div class=\"separator\" style=\"clear: both; text-align: center;\">\n<a href=\"https:\/\/4.bp.blogspot.com\/-ShUSuNFdfsI\/Wt-esYXezrI\/AAAAAAAAvKo\/ylamfPMAVY4bpB7raZeqrazFCKJDdeGPgCLcBGAs\/s1600\/jovem.jpg\" imageanchor=\"1\" style=\"margin-left: 1em; margin-right: 1em;\"><img loading=\"lazy\" decoding=\"async\" border=\"0\" data-original-height=\"451\" data-original-width=\"512\" height=\"562\" src=\"http:\/\/blogdoedvaldomagalhaes.com.br\/wp-content\/uploads\/2018\/04\/jovem.jpg\" width=\"640\" \/><\/a><\/div>\n<div class=\"separator\" style=\"clear: both; text-align: center;\">\nFoto: Dayvson Robert\/Portal No Detalhe<\/div>\n<p><\/p>\n<div style=\"background-color: white; box-sizing: border-box; line-height: 26px; margin-bottom: 26px; text-align: justify; word-wrap: break-word;\">\nPor volta das 14h desta ter\u00e7a-feira (24), o jovem&nbsp;<strong style=\"box-sizing: border-box;\">Lucas Manoel Caetano da Silva<\/strong>, de 18 anos de idade, residente na Rua Top\u00e1zio, no bairro Centen\u00e1rio em Caruaru, foi atingido por cerca de 09 disparos de arma de fogo, quando estava em frente a pr\u00f3pria resid\u00eancia, sendo socorrido pelo Samu para o Hospital Regional do Agreste (HRA).&nbsp;<\/p>\n<div class=\"separator\" style=\"clear: both; text-align: center;\">\n<a href=\"https:\/\/3.bp.blogspot.com\/-bxTqFWAj-ww\/Wt-ghIrCupI\/AAAAAAAAvK8\/Xlv3l8r9KVktuzbq2EfWl0eOAQVoDJvygCLcBGAs\/s1600\/ele%2B1.jpg\" imageanchor=\"1\" style=\"margin-left: 1em; margin-right: 1em;\"><img loading=\"lazy\" decoding=\"async\" border=\"0\" data-original-height=\"540\" data-original-width=\"960\" height=\"360\" src=\"http:\/\/blogdoedvaldomagalhaes.com.br\/wp-content\/uploads\/2018\/04\/ele1-1.jpg\" width=\"640\" \/><\/a><\/div>\n<\/div>\n<div style=\"background-color: white; box-sizing: border-box; line-height: 26px; margin-bottom: 26px; text-align: justify; word-wrap: break-word;\">\nLucas n\u00e3o resistiu a gravidade dos ferimentos e faleceu. Policiais do 1\u00b0BIEsp estiveram na ocorr\u00eancia e iniciando as buscas pelos algozes.<\/p>\n<p><\/p>\n<div class=\"separator\" style=\"clear: both; text-align: center;\">\n<a href=\"https:\/\/4.bp.blogspot.com\/-dyDmsg9VSQA\/Wt-goWgNrJI\/AAAAAAAAvLA\/Aska5068YA0cZ3CaRlrCznWK6qdqH3oqgCLcBGAs\/s1600\/ele.jpg\" imageanchor=\"1\" style=\"margin-left: 1em; margin-right: 1em;\"><img loading=\"lazy\" decoding=\"async\" border=\"0\" data-original-height=\"350\" data-original-width=\"370\" height=\"604\" src=\"http:\/\/blogdoedvaldomagalhaes.com.br\/wp-content\/uploads\/2018\/04\/ele-6.jpg\" width=\"640\" \/><\/a><\/div>\n<div class=\"separator\" style=\"clear: both; text-align: center;\">\n<\/div>\n<div class=\"separator\" style=\"clear: both; text-align: justify;\">\nO corpo foi encaminhado para o IML. Este foi o 17\u00ba homic\u00eddio no m\u00eas de abril e o 63\u00ba do ano em Caruaru.<\/div>\n<\/div>\n","protected":false},"excerpt":{"rendered":"<p>Foto: Dayvson Robert\/Portal No Detalhe Por volta das 14h desta ter\u00e7a-feira (24), o jovem&nbsp;Lucas Manoel Caetano da Silva, de 18&hellip;<\/p>\n","protected":false},"author":1,"featured_media":0,"comment_status":"open","ping_status":"open","sticky":false,"template":"","format":"standard","meta":{"footnotes":""},"categories":[1],"tags":[2866,2,2867,13,2107],"class_list":["post-2617","post","type-post","status-publish","format-standard","hentry","category-sem-categoria","tag-bairro-centenario","tag-blog-do-edvaldo-magalhaes","tag-morre-no-hra-jovem-de-18-anos-que-foi-baleado-em-caruaru","tag-policial","tag-ultimas-noticias-de-caruaru"],"_links":{"self":[{"href":"https:\/\/blogdoedvaldomagalhaes.com.br\/index.php\/wp-json\/wp\/v2\/posts\/2617","targetHints":{"allow":["GET"]}}],"collection":[{"href":"https:\/\/blogdoedvaldomagalhaes.com.br\/index.php\/wp-json\/wp\/v2\/posts"}],"about":[{"href":"https:\/\/blogdoedvaldomagalhaes.com.br\/index.php\/wp-json\/wp\/v2\/types\/post"}],"author":[{"embeddable":true,"href":"https:\/\/blogdoedvaldomagalhaes.com.br\/index.php\/wp-json\/wp\/v2\/users\/1"}],"replies":[{"embeddable":true,"href":"https:\/\/blogdoedvaldomagalhaes.com.br\/index.php\/wp-json\/wp\/v2\/comments?post=2617"}],"version-history":[{"count":1,"href":"https:\/\/blogdoedvaldomagalhaes.com.br\/index.php\/wp-json\/wp\/v2\/posts\/2617\/revisions"}],"predecessor-version":[{"id":30132,"href":"https:\/\/blogdoedvaldomagalhaes.com.br\/index.php\/wp-json\/wp\/v2\/posts\/2617\/revisions\/30132"}],"wp:attachment":[{"href":"https:\/\/blogdoedvaldomagalhaes.com.br\/index.php\/wp-json\/wp\/v2\/media?parent=2617"}],"wp:term":[{"taxonomy":"category","embeddable":true,"href":"https:\/\/blogdoedvaldomagalhaes.com.br\/index.php\/wp-json\/wp\/v2\/categories?post=2617"},{"taxonomy":"post_tag","embeddable":true,"href":"https:\/\/blogdoedvaldomagalhaes.com.br\/index.php\/wp-json\/wp\/v2\/tags?post=2617"}],"curies":[{"name":"wp","href":"https:\/\/api.w.org\/{rel}","templated":true}]}}