{"id":2611,"date":"2018-04-25T16:14:00","date_gmt":"2018-04-25T19:14:00","guid":{"rendered":"http:\/\/blogdoedvaldomagalhaes.com.br\/index.php\/2018\/04\/25\/descartada-possibilidade-da-feira-da\/"},"modified":"2019-02-09T02:11:00","modified_gmt":"2019-02-09T04:11:00","slug":"descartada-possibilidade-da-feira-da","status":"publish","type":"post","link":"https:\/\/blogdoedvaldomagalhaes.com.br\/index.php\/2018\/04\/25\/descartada-possibilidade-da-feira-da\/","title":{"rendered":"Descartada a possibilidade da Feira da Sulanca de Caruaru ser realizada aos domingos"},"content":{"rendered":"<div style=\"background-color: white; box-sizing: border-box; line-height: 24px; margin-bottom: 10px; text-align: justify;\">\n<div class=\"separator\" style=\"clear: both; text-align: center;\">\n<a href=\"https:\/\/3.bp.blogspot.com\/-TOCLtYeTYZk\/WuCpC57KV0I\/AAAAAAAAvPE\/g4J_teey8U0FerDZuGMfSUuvd3DV0PWKwCLcBGAs\/s1600\/IMG-20180425-WA0080.jpg\" imageanchor=\"1\" style=\"margin-left: 1em; margin-right: 1em;\"><img loading=\"lazy\" decoding=\"async\" border=\"0\" data-original-height=\"585\" data-original-width=\"1040\" height=\"360\" src=\"http:\/\/blogdoedvaldomagalhaes.com.br\/wp-content\/uploads\/2018\/04\/IMG-20180425-WA0080.jpg\" width=\"640\" \/><\/a><\/div>\n<p>\nRealizada na manh\u00e3 desta quarta-feira (25), no Sindloja Caruaru, reuni\u00e3o do Comando Presente, que \u00e9 formado por entidades de classe, pol\u00edcias e governo municipal. Em pauta mais uma vez a Feira da Sulanca.<\/div>\n<div style=\"background-color: white; box-sizing: border-box; line-height: 24px; margin-bottom: 10px; text-align: justify;\">\nNo encontro ficou descartada a possibilidade da realiza\u00e7\u00e3o da feira em dois dias, domingos e segundas, durante o m\u00eas de junho. A decis\u00e3o foi tomada ap\u00f3s a Pol\u00edcia Militar reafirmar que n\u00e3o tinha condi\u00e7\u00f5es de garantir a seguran\u00e7a no Parque 18 de Maio aos domingos por causa dos festejos juninos.<\/p>\n<p>Fonte: R\u00e1dio Liberdade.<\/p><\/div>\n","protected":false},"excerpt":{"rendered":"<p>Realizada na manh\u00e3 desta quarta-feira (25), no Sindloja Caruaru, reuni\u00e3o do Comando Presente, que \u00e9 formado por entidades de classe,&hellip;<\/p>\n","protected":false},"author":1,"featured_media":0,"comment_status":"open","ping_status":"open","sticky":false,"template":"","format":"standard","meta":{"footnotes":""},"categories":[1],"tags":[2,2858,6,1950],"class_list":["post-2611","post","type-post","status-publish","format-standard","hentry","category-sem-categoria","tag-blog-do-edvaldo-magalhaes","tag-descartada-a-possibilidade-da-feira-da-sulanca-de-caruaru-ser-realizada-aos-domingos","tag-noticias","tag-noticias-de-caruaru"],"_links":{"self":[{"href":"https:\/\/blogdoedvaldomagalhaes.com.br\/index.php\/wp-json\/wp\/v2\/posts\/2611","targetHints":{"allow":["GET"]}}],"collection":[{"href":"https:\/\/blogdoedvaldomagalhaes.com.br\/index.php\/wp-json\/wp\/v2\/posts"}],"about":[{"href":"https:\/\/blogdoedvaldomagalhaes.com.br\/index.php\/wp-json\/wp\/v2\/types\/post"}],"author":[{"embeddable":true,"href":"https:\/\/blogdoedvaldomagalhaes.com.br\/index.php\/wp-json\/wp\/v2\/users\/1"}],"replies":[{"embeddable":true,"href":"https:\/\/blogdoedvaldomagalhaes.com.br\/index.php\/wp-json\/wp\/v2\/comments?post=2611"}],"version-history":[{"count":1,"href":"https:\/\/blogdoedvaldomagalhaes.com.br\/index.php\/wp-json\/wp\/v2\/posts\/2611\/revisions"}],"predecessor-version":[{"id":30155,"href":"https:\/\/blogdoedvaldomagalhaes.com.br\/index.php\/wp-json\/wp\/v2\/posts\/2611\/revisions\/30155"}],"wp:attachment":[{"href":"https:\/\/blogdoedvaldomagalhaes.com.br\/index.php\/wp-json\/wp\/v2\/media?parent=2611"}],"wp:term":[{"taxonomy":"category","embeddable":true,"href":"https:\/\/blogdoedvaldomagalhaes.com.br\/index.php\/wp-json\/wp\/v2\/categories?post=2611"},{"taxonomy":"post_tag","embeddable":true,"href":"https:\/\/blogdoedvaldomagalhaes.com.br\/index.php\/wp-json\/wp\/v2\/tags?post=2611"}],"curies":[{"name":"wp","href":"https:\/\/api.w.org\/{rel}","templated":true}]}}