{"id":2610,"date":"2018-04-25T16:19:00","date_gmt":"2018-04-25T19:19:00","guid":{"rendered":"http:\/\/blogdoedvaldomagalhaes.com.br\/index.php\/2018\/04\/25\/sesc-caruaru-celebra-dia-nacional-do\/"},"modified":"2019-02-09T02:11:00","modified_gmt":"2019-02-09T04:11:00","slug":"sesc-caruaru-celebra-dia-nacional-do","status":"publish","type":"post","link":"https:\/\/blogdoedvaldomagalhaes.com.br\/index.php\/2018\/04\/25\/sesc-caruaru-celebra-dia-nacional-do\/","title":{"rendered":"Sesc Caruaru celebra Dia Nacional do Livro Infantil com programa\u00e7\u00e3o gratuita"},"content":{"rendered":"<p><\/p>\n<div class=\"separator\" style=\"clear: both; text-align: center;\">\n<a href=\"https:\/\/1.bp.blogspot.com\/-d8UjLOb97O4\/WuCqnKxCaUI\/AAAAAAAAvPg\/jsR0M6m3bxQb-CU5zbp3OdtElYxcHLZ2gCLcBGAs\/s1600\/sesc%2B2.JPG\" imageanchor=\"1\" style=\"margin-left: 1em; margin-right: 1em;\"><img loading=\"lazy\" decoding=\"async\" border=\"0\" data-original-height=\"1067\" data-original-width=\"1600\" height=\"426\" src=\"http:\/\/blogdoedvaldomagalhaes.com.br\/wp-content\/uploads\/2018\/04\/sesc2-1.jpg\" width=\"640\" \/><\/a><\/div>\n<div class=\"MsoNormal\" style=\"background: white; line-height: normal; margin-bottom: .0001pt; margin-bottom: 0cm; text-align: justify;\">\n<\/div>\n<div class=\"MsoNormal\" style=\"background: white; line-height: normal; margin-bottom: .0001pt; margin-bottom: 0cm; text-align: justify;\">\nRoda de leitura, debate de livros e<br \/>\napresenta\u00e7\u00e3o teatral de obras de Monteiro Lobato fazem parte da programa\u00e7\u00e3o que<br \/>\no Sesc Caruaru realiza nesta quinta-feira (26\/4) em homenagem ao Dia Nacional<br \/>\ndo Livro Infantil, celebrado no \u00faltimo dia 18. A data foi institu\u00edda em<br \/>\ncelebra\u00e7\u00e3o da data de anivers\u00e1rio do escritor brasileiro, nascido em 18 de<br \/>\nabril de 1882, que dedicou a maior parte de seu trabalho ao p\u00fablico infantil.<\/div>\n<div class=\"MsoNormal\" style=\"background: white; line-height: normal; margin-bottom: .0001pt; margin-bottom: 0cm; text-align: justify;\">\n<\/div>\n<div class=\"MsoNormal\" style=\"background: white; line-height: normal; margin-bottom: .0001pt; margin-bottom: 0cm; text-align: justify;\">\nO evento intitulado Clube da Leitura<br \/>\n\u00e9 gratuito. Das 9h \u00e0s 10h e das 15h \u00e0s 16h, na biblioteca da unidade, as<br \/>\ntem\u00e1ticas dos livros de Monteiro Lobato, como \u201cEm\u00edlia no Pa\u00eds da Gram\u00e1tica\u201d,<br \/>\n\u201cGeografia de Dona Benta\u201d e \u201cO Saci\u201d, ser\u00e3o trabalhadas pela equipe do Sesc com<br \/>\ncrian\u00e7as de 3 a 10 anos. As din\u00e2micas promovidas tamb\u00e9m ir\u00e3o abordar os<br \/>\npersonagens da obra do escritor que, at\u00e9 hoje, ilustram o universo infantil.<\/div>\n<p><\/p>\n","protected":false},"excerpt":{"rendered":"<p>Roda de leitura, debate de livros e apresenta\u00e7\u00e3o teatral de obras de Monteiro Lobato fazem parte da programa\u00e7\u00e3o que o&hellip;<\/p>\n","protected":false},"author":1,"featured_media":0,"comment_status":"open","ping_status":"open","sticky":false,"template":"","format":"standard","meta":{"footnotes":""},"categories":[1],"tags":[2,6,1950,2857],"class_list":["post-2610","post","type-post","status-publish","format-standard","hentry","category-sem-categoria","tag-blog-do-edvaldo-magalhaes","tag-noticias","tag-noticias-de-caruaru","tag-sesc-caruaru-celebra-dia-nacional-do-livro-infantil-com-programacao-gratuita"],"_links":{"self":[{"href":"https:\/\/blogdoedvaldomagalhaes.com.br\/index.php\/wp-json\/wp\/v2\/posts\/2610","targetHints":{"allow":["GET"]}}],"collection":[{"href":"https:\/\/blogdoedvaldomagalhaes.com.br\/index.php\/wp-json\/wp\/v2\/posts"}],"about":[{"href":"https:\/\/blogdoedvaldomagalhaes.com.br\/index.php\/wp-json\/wp\/v2\/types\/post"}],"author":[{"embeddable":true,"href":"https:\/\/blogdoedvaldomagalhaes.com.br\/index.php\/wp-json\/wp\/v2\/users\/1"}],"replies":[{"embeddable":true,"href":"https:\/\/blogdoedvaldomagalhaes.com.br\/index.php\/wp-json\/wp\/v2\/comments?post=2610"}],"version-history":[{"count":1,"href":"https:\/\/blogdoedvaldomagalhaes.com.br\/index.php\/wp-json\/wp\/v2\/posts\/2610\/revisions"}],"predecessor-version":[{"id":30157,"href":"https:\/\/blogdoedvaldomagalhaes.com.br\/index.php\/wp-json\/wp\/v2\/posts\/2610\/revisions\/30157"}],"wp:attachment":[{"href":"https:\/\/blogdoedvaldomagalhaes.com.br\/index.php\/wp-json\/wp\/v2\/media?parent=2610"}],"wp:term":[{"taxonomy":"category","embeddable":true,"href":"https:\/\/blogdoedvaldomagalhaes.com.br\/index.php\/wp-json\/wp\/v2\/categories?post=2610"},{"taxonomy":"post_tag","embeddable":true,"href":"https:\/\/blogdoedvaldomagalhaes.com.br\/index.php\/wp-json\/wp\/v2\/tags?post=2610"}],"curies":[{"name":"wp","href":"https:\/\/api.w.org\/{rel}","templated":true}]}}