{"id":2609,"date":"2018-04-25T16:24:00","date_gmt":"2018-04-25T19:24:00","guid":{"rendered":"http:\/\/blogdoedvaldomagalhaes.com.br\/index.php\/2018\/04\/25\/caruaru-recebe-mais-uma-edicao-da\/"},"modified":"2019-02-09T02:11:00","modified_gmt":"2019-02-09T04:11:00","slug":"caruaru-recebe-mais-uma-edicao-da","status":"publish","type":"post","link":"https:\/\/blogdoedvaldomagalhaes.com.br\/index.php\/2018\/04\/25\/caruaru-recebe-mais-uma-edicao-da\/","title":{"rendered":"Caruaru recebe mais uma edi\u00e7\u00e3o da Caravana da Educa\u00e7\u00e3o"},"content":{"rendered":"<p><\/p>\n<div class=\"separator\" style=\"clear: both; text-align: center;\">\n<a href=\"https:\/\/1.bp.blogspot.com\/-O1WLvs1DjPc\/WuCrxzNT7-I\/AAAAAAAAvPs\/9GuakJLIX3ICQGHtEqgXbYyOFmUA8VfBACLcBGAs\/s1600\/caravana.jpg\" imageanchor=\"1\" style=\"margin-left: 1em; margin-right: 1em;\"><img loading=\"lazy\" decoding=\"async\" border=\"0\" data-original-height=\"709\" data-original-width=\"1260\" height=\"360\" src=\"http:\/\/blogdoedvaldomagalhaes.com.br\/wp-content\/uploads\/2018\/04\/caravana.jpg\" width=\"640\" \/><\/a><\/div>\n<div class=\"MsoNormal\" style=\"background: white; margin-bottom: 8.0pt; mso-line-height-alt: 10.25pt; text-align: justify;\">\n<\/div>\n<div class=\"MsoNormal\" style=\"background: white; margin-bottom: 8.0pt; mso-line-height-alt: 10.25pt; text-align: justify;\">\nA comitiva da<br \/>\nSecretaria Estadual de Educa\u00e7\u00e3o desembarca no munic\u00edpio nesta quinta-feira (26)<br \/>\npara mais uma edi\u00e7\u00e3o desta a\u00e7\u00e3o. A Caravana acontece paralelamente \u00e0 reuni\u00e3o de<br \/>\nPactua\u00e7\u00e3o de Metas 2018, esta que mobiliza gestores das 63 as escolas ligadas \u00e0<br \/>\nGer\u00eancia Regional de Educa\u00e7\u00e3o (GRE) Agreste Centro Norte. A Caravana ir\u00e1<br \/>\nmobilizar cerca de dois mil estudantes da regi\u00e3o e \u00e9 a grande novidade deste<br \/>\nano: consiste em um circuito de atividades pedag\u00f3gicas, culturais, esportivas e<br \/>\nde orienta\u00e7\u00f5es aos estudantes o objetivo de aproximar a escola da popula\u00e7\u00e3o e<br \/>\nfortalecer o protagonismo dos jovens da Rede Estadual.<\/div>\n<div class=\"MsoNormal\" style=\"background: white; margin-bottom: 8.0pt; mso-line-height-alt: 10.25pt; text-align: justify;\">\nDivididas em tr\u00eas polos \u2013 Esportivo, Cultural e Central \u2013 as a\u00e7\u00f5es da<br \/>\nCaravana envolvem centenas de estudantes da rede, al\u00e9m de contar com o apoio e<br \/>\nparticipa\u00e7\u00e3o da comunidade escolar. Atividades como competi\u00e7\u00f5es esportivas,<br \/>\napresenta\u00e7\u00f5es de dan\u00e7a e artes c\u00eanicas, doa\u00e7\u00e3o de livros, oficinas, recitais e<br \/>\natividades de leituras movimentar\u00e3o os Polos Esportivo e Cultural. Em Caruaru,<br \/>\neles estar\u00e3o localizados na Escola Professora Elisete Lopes de Lima Pires e na<br \/>\nEscola de Refer\u00eancia em Ensino M\u00e9dio Arnaldo Assun\u00e7\u00e3o, respectivamente. As<br \/>\na\u00e7\u00f5es destes dois polos acontecem no per\u00edodo da manh\u00e3.<\/div>\n<div class=\"MsoNormal\" style=\"background: white; margin-bottom: 8.0pt; mso-line-height-alt: 10.25pt; text-align: justify;\">\n\u00c0 tarde, a partir das 14h30, tamb\u00e9m na Escola de Refer\u00eancia em Ensino<br \/>\nM\u00e9dio Arnaldo Assun\u00e7\u00e3o, os estudantes terceiranistas das escolas da regional<br \/>\nparticipam do Polo Central. L\u00e1, haver\u00e1 apresenta\u00e7\u00e3o dos projetos&nbsp;<i>Enem<br \/>\nT\u00e1 Ligado<\/i>, com foco na prepara\u00e7\u00e3o para o Enem, e&nbsp;<i>PE no Campus<\/i>,<br \/>\niniciativa lan\u00e7ada pelo Governo do Estado no final de 2017 que visa fortalecer<br \/>\nainda mais a educa\u00e7\u00e3o p\u00fablica de Pernambuco, por meio de um conjunto de a\u00e7\u00f5es<br \/>\nde mobiliza\u00e7\u00e3o de estudantes e apoio financeiro, mediante bolsas, aos<br \/>\nestudantes de baixa renda da Rede Estadual de Ensino que forem aprovados em<br \/>\ninstitui\u00e7\u00f5es p\u00fablicas de ensino superior.<\/div>\n<div class=\"MsoNormal\" style=\"background: white; margin-bottom: 8.0pt; mso-line-height-alt: 10.25pt; text-align: justify;\">\nJ\u00e1 a Pactua\u00e7\u00e3o de Metas \u00e9 um importante momento de discuss\u00e3o de metas<br \/>\npara o ano de 2018 entre a Secretaria de Educa\u00e7\u00e3o e as escolas, em parceria com<br \/>\na Secretaria de Planejamento e Gest\u00e3o do Estado (SEPLAG), para que todas<br \/>\nconhe\u00e7am suas metas com foco no \u00cdndice de Desenvolvimento da Educa\u00e7\u00e3o de<br \/>\nPernambuco (IDEPE). O encontro, que, nesta quinta-feira, conta com a presen\u00e7a<br \/>\nde todos os gestores das 63 escolas jurisdicionadas \u00e0 Ger\u00eancia Regional de<br \/>\nEduca\u00e7\u00e3o Agreste Centro Norte, acontece na Escola de Refer\u00eancia em Ensino M\u00e9dio<br \/>\nNicanor Souto Maior, e \u00e9 comandado pelo secret\u00e1rio de Educa\u00e7\u00e3o do Estado, Fred<br \/>\nAmancio.<\/div>\n<div class=\"MsoNormal\" style=\"background: white; margin-bottom: 8.0pt; mso-line-height-alt: 10.25pt; text-align: justify;\">\n\u201cA Pactua\u00e7\u00e3o de Metas \u00e9 um momento muito importante do trabalho que a<br \/>\nSecretaria de Educa\u00e7\u00e3o realiza junto \u00e0s Ger\u00eancias Regionais. Mas, sent\u00edamos a<br \/>\nnecessidade de envolver toda a comunidade escolar nesse processo todo. Ent\u00e3o, a<br \/>\nCaravana da Educa\u00e7\u00e3o surgiu com essa expectativa de mobilizar escolas e<br \/>\nestudantes neste dia voltado para a educa\u00e7\u00e3o. J\u00e1 passamos por Limoeiro,<br \/>\nTimba\u00faba, Paulista e Gravat\u00e1, e \u00e9 muito gratificante ver a anima\u00e7\u00e3o e a entrega<br \/>\nde todos eles. Toda essa a\u00e7\u00e3o conjunta de Pactua\u00e7\u00e3o e Caravana t\u00eam se tornado<br \/>\num dia muito bonito para a nossa educa\u00e7\u00e3o. Estamos chegando em Caruaru com a<br \/>\ncerteza de que ser\u00e1 mais um grande dia para a educa\u00e7\u00e3o pernambucana\u201d, pontua o<br \/>\nsecret\u00e1rio Fred Amancio.<\/div>\n<div class=\"MsoNormal\" style=\"background: white; margin-bottom: 8.0pt; mso-line-height-alt: 10.25pt; text-align: justify;\">\n<\/div>\n<div class=\"MsoNormal\" style=\"background-color: white; line-height: 13.696px; margin: 0cm 0cm 8pt; text-align: justify;\">\n<b>PROGRAMA\u00c7\u00c3O:<\/b><\/div>\n<p><\/p>\n<div class=\"MsoNormal\" style=\"background-color: white; line-height: 13.696px; margin: 0cm 0cm 8pt; text-align: justify;\">\n<b>Polo Esportivo<\/b><\/div>\n<div class=\"MsoNormal\" style=\"background-color: white; line-height: normal; margin: 0cm 0cm 0.0001pt; text-align: justify;\">\nLocal:<b>&nbsp;<\/b>Escola Professora Elisete Lopes de Lima Pires<\/div>\n<div class=\"MsoNormal\" style=\"background-color: white; line-height: normal; margin: 0cm 0cm 0.0001pt; text-align: justify;\">\nGestor:&nbsp;Aparecida de F\u00e1tima de Amorim Melo<b><\/b><\/div>\n<div class=\"MsoNormal\" style=\"background-color: white; line-height: normal; margin: 0cm 0cm 0.0001pt; text-align: justify;\">\nEndere\u00e7o:<b>&nbsp;<\/b>Rua Cristo Redentor, s\/n, Caiuca<\/div>\n<div class=\"MsoNormal\" style=\"background-color: white; line-height: normal; margin: 0cm 0cm 0.0001pt; text-align: justify;\">\nHor\u00e1rio:<b>&nbsp;<\/b>8h \u00e0s 11h30<\/div>\n<div class=\"MsoNormal\" style=\"background-color: white; line-height: normal; margin: 0cm 0cm 0.0001pt; text-align: justify;\">\n<\/div>\n<div class=\"MsoNormal\" style=\"background-color: white; line-height: normal; margin: 0cm 0cm 0.0001pt;\">\n<\/div>\n<div style=\"text-align: justify;\">\n8h15 \u2013 Banda Marcial BAMAEDV<\/div>\n<div style=\"text-align: justify;\">\n8h30 \u2013 Boas Vindas Cerimonial<\/div>\n<div style=\"text-align: justify;\">\n8h45 \u2013 Desfile das Delega\u00e7\u00f5es Esportivas<\/div>\n<div style=\"text-align: justify;\">\n9h \u2013 Jud\u00f4<\/div>\n<div style=\"text-align: justify;\">\n9h20 \u2013 Gin\u00e1stica R\u00edtmica e Acrob\u00e1tica<\/div>\n<div style=\"text-align: justify;\">\n9h40 \u2013 Queimado<\/div>\n<div style=\"text-align: justify;\">\n10h \u2013 Dan\u00e7a (Carimb\u00f3 e Frevo)<\/div>\n<p><\/p>\n<div class=\"MsoNormal\" style=\"background-color: white; line-height: normal; margin: 0cm 0cm 0.0001pt; text-align: justify;\">\n10h20 \u2013 Escravo de J\u00f3<\/div>\n<div class=\"MsoNormal\" style=\"background-color: white; line-height: normal; margin: 0cm 0cm 0.0001pt;\">\n<\/div>\n<div style=\"text-align: justify;\">\n10h40 \u2013 Basquete e Badminton<\/div>\n<div style=\"text-align: justify;\">\n11h \u2013 Aul\u00e3o de Zumba<\/div>\n<p><\/p>\n<div class=\"MsoNormal\" style=\"background-color: white; line-height: 13.696px; margin: 0cm 0cm 8pt; text-align: justify;\">\n<\/div>\n<div class=\"MsoNormal\" style=\"background-color: white; line-height: 13.696px; margin: 0cm 0cm 8pt; text-align: justify;\">\n<b>Polo Cultural<\/b><\/div>\n<div class=\"MsoNormal\" style=\"background-color: white; line-height: normal; margin: 0cm 0cm 0.0001pt; text-align: justify;\">\nLocal:<b>&nbsp;<\/b>Escola de Refer\u00eancia em Ensino Arnaldo Assun\u00e7\u00e3o<\/div>\n<div class=\"MsoNormal\" style=\"background-color: white; line-height: normal; margin: 0cm 0cm 0.0001pt; text-align: justify;\">\nGestor:&nbsp;Ant\u00f4nia Fabiana Cavalcanti de Andrade<b><\/b><\/div>\n<div class=\"MsoNormal\" style=\"background-color: white; line-height: normal; margin: 0cm 0cm 0.0001pt; text-align: justify;\">\nEndere\u00e7o:<b>&nbsp;<\/b>Rua Prudente de Moraes, s\/n, Salgado&nbsp;&nbsp;&nbsp;&nbsp;&nbsp;<\/div>\n<div class=\"MsoNormal\" style=\"background-color: white; line-height: normal; margin: 0cm 0cm 0.0001pt; text-align: justify;\">\nHor\u00e1rio:<b>&nbsp;<\/b>8h \u00e0s 11h30<\/div>\n<div class=\"MsoNormal\" style=\"background-color: white; line-height: normal; margin: 0cm 0cm 0.0001pt; text-align: justify;\">\n<\/div>\n<div class=\"MsoNormal\" style=\"background-color: white; line-height: normal; margin: 0cm 0cm 0.0001pt; text-align: justify;\">\n7h40 \u2013 Protagonistas caracterizados e Trio P\u00e9-de-Serra<\/div>\n<div class=\"MsoNormal\" style=\"background-color: white; line-height: normal; margin: 0cm 0cm 0.0001pt;\">\n<\/div>\n<div style=\"text-align: justify;\">\n8h \u2013 Banda Fanfarra \/ Abertura \u2013 Equipe Gestora<\/div>\n<div style=\"text-align: justify;\">\n8h10 \u2013 Hino de Pernambuco (Ritmo de Forr\u00f3)<\/div>\n<p><\/p>\n<div class=\"MsoNormal\" style=\"background-color: white; line-height: normal; margin: 0cm 0cm 0.0001pt;\">\n<\/div>\n<div style=\"text-align: justify;\">\n8h30 \u2013 Cordel Cultural<\/div>\n<div style=\"text-align: justify;\">\n8h45 \u2013 Cordel: A feira de Caruaru<\/div>\n<div style=\"text-align: justify;\">\n9h \u2013 Fala de Onildo Almeida (Compositor da m\u00fasica \u201cA Feira de Caruaru)<\/div>\n<div style=\"text-align: justify;\">\n9h30 \u2013 Recorte de uma Quadrilha Estilizada<\/div>\n<div style=\"text-align: justify;\">\n10h \u2013 Lanche<\/div>\n<div style=\"text-align: justify;\">\n10h30 \u2013 Apresenta\u00e7\u00e3o teatral: Padrinhos M\u00e1gicos<\/div>\n<div style=\"text-align: justify;\">\n11h \u2013 Grupo de Dan\u00e7a Cultural Interativa<\/div>\n<p><\/p>\n<div class=\"MsoNormal\" style=\"background-color: white; line-height: normal; margin: 0cm 0cm 0.0001pt; text-align: justify;\">\n<\/div>\n<div class=\"MsoNormal\" style=\"background-color: white; line-height: 13.696px; margin: 0cm 0cm 8pt;\">\n<\/div>\n<div style=\"text-align: justify;\">\n<\/div>\n<p><b><\/p>\n<div style=\"text-align: justify;\">\n<b>Polo Central<\/b><\/div>\n<p><\/b><\/p>\n<div class=\"MsoNormal\" style=\"background-color: white; line-height: normal; margin: 0cm 0cm 0.0001pt; text-align: justify;\">\nLocal:<b>&nbsp;<\/b>Escola de Refer\u00eancia em Ensino Arnaldo Assun\u00e7\u00e3o<\/div>\n<div class=\"MsoNormal\" style=\"background-color: white; line-height: normal; margin: 0cm 0cm 0.0001pt; text-align: justify;\">\nGestor:&nbsp;Ant\u00f4nia Fabiana Cavalcanti de Andrade<b><\/b><\/div>\n<div class=\"MsoNormal\" style=\"background-color: white; line-height: normal; margin: 0cm 0cm 0.0001pt; text-align: justify;\">\nEndere\u00e7o:<b>&nbsp;<\/b>Rua Prudente de Moraes, s\/n, Salgado&nbsp;&nbsp;&nbsp;&nbsp;&nbsp;<\/div>\n<div class=\"MsoNormal\" style=\"background-color: white; line-height: normal; margin: 0cm 0cm 0.0001pt; text-align: justify;\">\nHor\u00e1rio: 14h \u00e0s 16h30<u><\/u><\/div>\n<div class=\"MsoNormal\" style=\"background-color: white; line-height: normal; margin: 0cm 0cm 0.0001pt; text-align: justify;\">\n<\/div>\n<div class=\"MsoNormal\" style=\"background-color: white; line-height: normal; margin: 0cm 0cm 0.0001pt;\">\n<\/div>\n<div style=\"text-align: justify;\">\n13h30 \u2013 Acolhida com protagonistas caracterizados<\/div>\n<div style=\"text-align: justify;\">\n13h30 \u2013 Recep\u00e7\u00e3o (Banda Fanfarra)<\/div>\n<p><\/p>\n<div class=\"MsoNormal\" style=\"background-color: white; line-height: normal; margin: 0cm 0cm 0.0001pt; text-align: justify;\">\n13h40 \u2013 Abertura<\/div>\n<div class=\"MsoNormal\" style=\"background-color: white; line-height: normal; margin: 0cm 0cm 0.0001pt;\">\n<\/div>\n<div style=\"text-align: justify;\">\n13h45 \u2013 Facultado a Palavra<\/div>\n<div style=\"text-align: justify;\">\n14h30 \u2013 Depoimento estudantes intercambistas (PE no Campus e Supera\u00e7\u00e3o)<\/div>\n<div style=\"text-align: justify;\">\n14h50 \u2013 ENEM T\u00e1 Ligado<\/div>\n<div style=\"text-align: justify;\">\n15h10 \u2013 PE no Campus<\/div>\n<div style=\"text-align: justify;\">\n15h40 \u2013 Apresenta\u00e7\u00e3o Cultural de Boneco Vitalino&nbsp;<\/div>\n<p><\/p>\n<div class=\"MsoNormal\" style=\"background-color: white; line-height: normal; margin: 0cm 0cm 0.0001pt;\">\n<\/div>\n<div style=\"text-align: justify;\">\n<\/div>\n<div style=\"text-align: justify;\">\n<\/div>\n<p><\/p>\n<div class=\"MsoNormal\" style=\"background-color: white; line-height: normal; margin: 0cm 0cm 0.0001pt; text-align: justify;\">\n<b>Ger\u00eancia Regional de Educa\u00e7\u00e3o Agreste Centro Norte<\/b><\/div>\n<div class=\"MsoNormal\" style=\"background-color: white; line-height: normal; margin: 0cm 0cm 0.0001pt; text-align: justify;\">\nGestor: Fl\u00e1vio Carlos Silva<\/div>\n<div class=\"MsoNormal\" style=\"background-color: white; line-height: normal; margin: 0cm 0cm 0.0001pt; text-align: justify;\">\nQuantidade de escolas jurisdicionadas: 63<\/div>\n<div class=\"MsoNormal\" style=\"background-color: white; line-height: normal; margin: 0cm 0cm 0.0001pt; text-align: justify;\">\nMunic\u00edpios jurisdicionados \u00e0 GRE: Agrestina, Altinho, Belo Jardim, Brejo da Madre de Deus, Cachoeirinha,&nbsp;<u>Caruaru<\/u>, Cupira, Ibirajuba, Jatauba, Panelas, Riacho das Almas, Santa Cruz do Capibaribe, S\u00e3o Caetano, Tacaimb\u00f3, Taquaritinga do Norte, Toritama.<\/div>\n","protected":false},"excerpt":{"rendered":"<p>A comitiva da Secretaria Estadual de Educa\u00e7\u00e3o desembarca no munic\u00edpio nesta quinta-feira (26) para mais uma edi\u00e7\u00e3o desta a\u00e7\u00e3o. A&hellip;<\/p>\n","protected":false},"author":1,"featured_media":0,"comment_status":"open","ping_status":"open","sticky":false,"template":"","format":"standard","meta":{"footnotes":""},"categories":[1],"tags":[2,2856,6,1950],"class_list":["post-2609","post","type-post","status-publish","format-standard","hentry","category-sem-categoria","tag-blog-do-edvaldo-magalhaes","tag-caruaru-recebe-mais-uma-edicao-da-caravana-da-educacao","tag-noticias","tag-noticias-de-caruaru"],"_links":{"self":[{"href":"https:\/\/blogdoedvaldomagalhaes.com.br\/index.php\/wp-json\/wp\/v2\/posts\/2609","targetHints":{"allow":["GET"]}}],"collection":[{"href":"https:\/\/blogdoedvaldomagalhaes.com.br\/index.php\/wp-json\/wp\/v2\/posts"}],"about":[{"href":"https:\/\/blogdoedvaldomagalhaes.com.br\/index.php\/wp-json\/wp\/v2\/types\/post"}],"author":[{"embeddable":true,"href":"https:\/\/blogdoedvaldomagalhaes.com.br\/index.php\/wp-json\/wp\/v2\/users\/1"}],"replies":[{"embeddable":true,"href":"https:\/\/blogdoedvaldomagalhaes.com.br\/index.php\/wp-json\/wp\/v2\/comments?post=2609"}],"version-history":[{"count":1,"href":"https:\/\/blogdoedvaldomagalhaes.com.br\/index.php\/wp-json\/wp\/v2\/posts\/2609\/revisions"}],"predecessor-version":[{"id":30159,"href":"https:\/\/blogdoedvaldomagalhaes.com.br\/index.php\/wp-json\/wp\/v2\/posts\/2609\/revisions\/30159"}],"wp:attachment":[{"href":"https:\/\/blogdoedvaldomagalhaes.com.br\/index.php\/wp-json\/wp\/v2\/media?parent=2609"}],"wp:term":[{"taxonomy":"category","embeddable":true,"href":"https:\/\/blogdoedvaldomagalhaes.com.br\/index.php\/wp-json\/wp\/v2\/categories?post=2609"},{"taxonomy":"post_tag","embeddable":true,"href":"https:\/\/blogdoedvaldomagalhaes.com.br\/index.php\/wp-json\/wp\/v2\/tags?post=2609"}],"curies":[{"name":"wp","href":"https:\/\/api.w.org\/{rel}","templated":true}]}}