{"id":2607,"date":"2018-04-25T16:44:00","date_gmt":"2018-04-25T19:44:00","guid":{"rendered":"http:\/\/blogdoedvaldomagalhaes.com.br\/index.php\/2018\/04\/25\/central-contrata-atacante-para\/"},"modified":"2019-02-09T02:11:01","modified_gmt":"2019-02-09T04:11:01","slug":"central-contrata-atacante-para","status":"publish","type":"post","link":"https:\/\/blogdoedvaldomagalhaes.com.br\/index.php\/2018\/04\/25\/central-contrata-atacante-para\/","title":{"rendered":"Central contrata atacante para a sequ\u00eancia da S\u00e9rie D 2018"},"content":{"rendered":"<div class=\"separator\" style=\"clear: both; text-align: center;\">\n<a href=\"https:\/\/4.bp.blogspot.com\/-c7W0jdwt6-U\/WuCvGO1-dGI\/AAAAAAAAvRA\/WA7X7NexM4UlmsBITTYvkqfazmGVgRXCgCLcBGAs\/s1600\/central.jpg\" imageanchor=\"1\" style=\"margin-left: 1em; margin-right: 1em;\"><img loading=\"lazy\" decoding=\"async\" border=\"0\" data-original-height=\"702\" data-original-width=\"696\" height=\"640\" src=\"http:\/\/blogdoedvaldomagalhaes.com.br\/wp-content\/uploads\/2018\/04\/central-4.jpg\" width=\"634\" \/><\/a><\/div>\n<p><\/p>\n<div style=\"background-color: white; box-sizing: border-box; line-height: 26px; margin-bottom: 26px; text-align: justify; word-wrap: break-word;\">\nA diretoria do Central de Caruaru contratou o jovem atacante Anderson Ven\u00e2ncio da Costa, o Anderson Bartola, de 23 anos, natural de Santa Maria.<\/div>\n<div style=\"background-color: white; box-sizing: border-box; line-height: 26px; margin-bottom: 26px; text-align: justify; word-wrap: break-word;\">\nAnderson teve passagens pelo Coritiba, Santo Andr\u00e9, \u00c1gua Santa-SP, Paysandu, Ponte Preta e Castanhal, do Par\u00e1. \u00c9 um atleta que atua pela direita.<\/div>\n<div class=\"td-g-rec td-g-rec-id-content_inlineleft \" style=\"background-color: white; box-sizing: border-box; float: left;\">\n<\/div>\n<div style=\"background-color: white; box-sizing: border-box; line-height: 26px; margin-bottom: 26px; text-align: justify; word-wrap: break-word;\">\nBartola \u00e9 o quinto refor\u00e7o da Patativa para a S\u00e9rie D, os outros foram os atacantes Grafite e Hwyri, o meia Washington e o goleiro Elias.<\/div>\n<div style=\"background-color: white; box-sizing: border-box; line-height: 26px; margin-bottom: 26px; text-align: justify; word-wrap: break-word;\">\n<div style=\"text-align: start;\">\nO Central estreou na S\u00e9rie D empatando por 1 a 1 com a Jacuipense, fora de casa, e volta a campo neste domingo (29), contra o Sergipe, \u00e0s 16h, no Lacerd\u00e3o, pela segunda rodada da competi\u00e7\u00e3o nacional.&nbsp;Os pre\u00e7os dos ingressos est\u00e3o definidos: cadeira custa R$ 40, arquibancada R$ 20 inteira e R$ 10 meia. S\u00f3cio paga R$ 10,00.<\/div>\n<\/div>\n","protected":false},"excerpt":{"rendered":"<p>A diretoria do Central de Caruaru contratou o jovem atacante Anderson Ven\u00e2ncio da Costa, o Anderson Bartola, de 23 anos,&hellip;<\/p>\n","protected":false},"author":1,"featured_media":0,"comment_status":"open","ping_status":"open","sticky":false,"template":"","format":"standard","meta":{"footnotes":""},"categories":[1],"tags":[2,2854,3],"class_list":["post-2607","post","type-post","status-publish","format-standard","hentry","category-sem-categoria","tag-blog-do-edvaldo-magalhaes","tag-central-contrata-atacante-para-a-sequencia-da-serie-d-2018","tag-futebol"],"_links":{"self":[{"href":"https:\/\/blogdoedvaldomagalhaes.com.br\/index.php\/wp-json\/wp\/v2\/posts\/2607","targetHints":{"allow":["GET"]}}],"collection":[{"href":"https:\/\/blogdoedvaldomagalhaes.com.br\/index.php\/wp-json\/wp\/v2\/posts"}],"about":[{"href":"https:\/\/blogdoedvaldomagalhaes.com.br\/index.php\/wp-json\/wp\/v2\/types\/post"}],"author":[{"embeddable":true,"href":"https:\/\/blogdoedvaldomagalhaes.com.br\/index.php\/wp-json\/wp\/v2\/users\/1"}],"replies":[{"embeddable":true,"href":"https:\/\/blogdoedvaldomagalhaes.com.br\/index.php\/wp-json\/wp\/v2\/comments?post=2607"}],"version-history":[{"count":1,"href":"https:\/\/blogdoedvaldomagalhaes.com.br\/index.php\/wp-json\/wp\/v2\/posts\/2607\/revisions"}],"predecessor-version":[{"id":30163,"href":"https:\/\/blogdoedvaldomagalhaes.com.br\/index.php\/wp-json\/wp\/v2\/posts\/2607\/revisions\/30163"}],"wp:attachment":[{"href":"https:\/\/blogdoedvaldomagalhaes.com.br\/index.php\/wp-json\/wp\/v2\/media?parent=2607"}],"wp:term":[{"taxonomy":"category","embeddable":true,"href":"https:\/\/blogdoedvaldomagalhaes.com.br\/index.php\/wp-json\/wp\/v2\/categories?post=2607"},{"taxonomy":"post_tag","embeddable":true,"href":"https:\/\/blogdoedvaldomagalhaes.com.br\/index.php\/wp-json\/wp\/v2\/tags?post=2607"}],"curies":[{"name":"wp","href":"https:\/\/api.w.org\/{rel}","templated":true}]}}