{"id":2606,"date":"2018-04-25T19:40:00","date_gmt":"2018-04-25T22:40:00","guid":{"rendered":"http:\/\/blogdoedvaldomagalhaes.com.br\/index.php\/2018\/04\/25\/meia-pede-rescisao-do-contrato-e-deixa\/"},"modified":"2019-02-09T02:11:02","modified_gmt":"2019-02-09T04:11:02","slug":"meia-pede-rescisao-do-contrato-e-deixa","status":"publish","type":"post","link":"https:\/\/blogdoedvaldomagalhaes.com.br\/index.php\/2018\/04\/25\/meia-pede-rescisao-do-contrato-e-deixa\/","title":{"rendered":"Meia pede rescis\u00e3o do contrato e deixa o Central de Caruaru"},"content":{"rendered":"<div class=\"separator\" style=\"clear: both; text-align: center;\">\n<a href=\"https:\/\/1.bp.blogspot.com\/-_rDoqKh7kWE\/WuDV6HYT37I\/AAAAAAAAvRk\/Er3keWee0KQvAfJxpc_3yCZdupRxFy4HwCLcBGAs\/s1600\/IMG-20180425-WA0252.jpg\" imageanchor=\"1\" style=\"margin-left: 1em; margin-right: 1em;\"><img loading=\"lazy\" decoding=\"async\" border=\"0\" data-original-height=\"847\" data-original-width=\"847\" height=\"640\" src=\"http:\/\/blogdoedvaldomagalhaes.com.br\/wp-content\/uploads\/2018\/04\/IMG-20180425-WA0252.jpg\" width=\"640\" \/><\/a><\/div>\n<div style=\"text-align: center;\">\nFoto: Central Sport Club\/Divulga\u00e7\u00e3o<\/div>\n<div style=\"text-align: center;\">\n<\/div>\n<div style=\"text-align: justify;\">\nO meia Mateus Issa n\u00e3o faz mais parte do elenco do Central de Caruaru.&nbsp;O jovem de 21 anos pediu desligamento do clube alegando problemas particulares e prontamente foi atendido pela comiss\u00e3o t\u00e9cnica e diretoria.<\/div>\n<div style=\"text-align: justify;\">\n<\/div>\n<div style=\"text-align: justify;\">\nIssa chegou ao clube em dezembro do ano passado e se tornou uma esp\u00e9cie de reserva de luxo, pois sempre entrou nas partidas.<\/div>\n<div style=\"text-align: justify;\">\n<\/div>\n<div style=\"text-align: justify;\">\nO atleta assinou a rescis\u00e3o e vai seguir sua carreira em outro clube.<\/div>\n","protected":false},"excerpt":{"rendered":"<p>Foto: Central Sport Club\/Divulga\u00e7\u00e3o O meia Mateus Issa n\u00e3o faz mais parte do elenco do Central de Caruaru.&nbsp;O jovem de&hellip;<\/p>\n","protected":false},"author":1,"featured_media":0,"comment_status":"open","ping_status":"open","sticky":false,"template":"","format":"standard","meta":{"footnotes":""},"categories":[1],"tags":[2,3,2852,2853,1950],"class_list":["post-2606","post","type-post","status-publish","format-standard","hentry","category-sem-categoria","tag-blog-do-edvaldo-magalhaes","tag-futebol","tag-mateus-issa","tag-meia-pede-rescisao-do-contrato-e-deixa-o-central-de-caruaru","tag-noticias-de-caruaru"],"_links":{"self":[{"href":"https:\/\/blogdoedvaldomagalhaes.com.br\/index.php\/wp-json\/wp\/v2\/posts\/2606","targetHints":{"allow":["GET"]}}],"collection":[{"href":"https:\/\/blogdoedvaldomagalhaes.com.br\/index.php\/wp-json\/wp\/v2\/posts"}],"about":[{"href":"https:\/\/blogdoedvaldomagalhaes.com.br\/index.php\/wp-json\/wp\/v2\/types\/post"}],"author":[{"embeddable":true,"href":"https:\/\/blogdoedvaldomagalhaes.com.br\/index.php\/wp-json\/wp\/v2\/users\/1"}],"replies":[{"embeddable":true,"href":"https:\/\/blogdoedvaldomagalhaes.com.br\/index.php\/wp-json\/wp\/v2\/comments?post=2606"}],"version-history":[{"count":1,"href":"https:\/\/blogdoedvaldomagalhaes.com.br\/index.php\/wp-json\/wp\/v2\/posts\/2606\/revisions"}],"predecessor-version":[{"id":30165,"href":"https:\/\/blogdoedvaldomagalhaes.com.br\/index.php\/wp-json\/wp\/v2\/posts\/2606\/revisions\/30165"}],"wp:attachment":[{"href":"https:\/\/blogdoedvaldomagalhaes.com.br\/index.php\/wp-json\/wp\/v2\/media?parent=2606"}],"wp:term":[{"taxonomy":"category","embeddable":true,"href":"https:\/\/blogdoedvaldomagalhaes.com.br\/index.php\/wp-json\/wp\/v2\/categories?post=2606"},{"taxonomy":"post_tag","embeddable":true,"href":"https:\/\/blogdoedvaldomagalhaes.com.br\/index.php\/wp-json\/wp\/v2\/tags?post=2606"}],"curies":[{"name":"wp","href":"https:\/\/api.w.org\/{rel}","templated":true}]}}