{"id":2605,"date":"2018-04-25T19:56:00","date_gmt":"2018-04-25T22:56:00","guid":{"rendered":"http:\/\/blogdoedvaldomagalhaes.com.br\/index.php\/2018\/04\/25\/garis-suspeitos-de-trafico-de-drogas-e\/"},"modified":"2019-02-09T02:11:02","modified_gmt":"2019-02-09T04:11:02","slug":"garis-suspeitos-de-trafico-de-drogas-e","status":"publish","type":"post","link":"https:\/\/blogdoedvaldomagalhaes.com.br\/index.php\/2018\/04\/25\/garis-suspeitos-de-trafico-de-drogas-e\/","title":{"rendered":"Garis suspeitos de tr\u00e1fico de drogas e roubo s\u00e3o presos em Caruaru"},"content":{"rendered":"<div class=\"_5pbx userContent _3576\" data-ft=\"{&quot;tn&quot;:&quot;K&quot;}\" style=\"background-color: white; line-height: 1.38; margin-top: 6px;\">\n<div class=\"text_exposed_root text_exposed\" id=\"id_5ae0db29e41462f25659419\" style=\"display: inline;\">\n<div class=\"separator\" style=\"clear: both; font-size: x-large; text-align: center;\">\n<a href=\"https:\/\/2.bp.blogspot.com\/-QoWH6-PX7Yc\/WuDbp7hGkaI\/AAAAAAAAvR0\/HK4tY_j7jEgE8dzlo2u31PEGsypH4EgKwCLcBGAs\/s1600\/gari.jpg\" imageanchor=\"1\" style=\"margin-left: 1em; margin-right: 1em;\"><img loading=\"lazy\" decoding=\"async\" border=\"0\" data-original-height=\"393\" data-original-width=\"720\" height=\"348\" src=\"http:\/\/blogdoedvaldomagalhaes.com.br\/wp-content\/uploads\/2018\/04\/gari.jpg\" width=\"640\" \/><\/a><\/div>\n<div class=\"separator\" style=\"clear: both; text-align: center;\">\nFoto: PMPE\/Divulga\u00e7\u00e3o<\/div>\n<div style=\"font-size: x-large; margin-bottom: 6px; margin-top: 6px; text-align: justify;\">\n<\/div>\n<div style=\"margin-bottom: 6px; margin-top: 6px; text-align: justify;\">\nO trabalho foi em conjunto do &#8220;Lobo Solit\u00e1rio&#8221; do NIA, o Choque, r\u00e1dio Patrulha do 1 \u00ba BIEsp, onde tr\u00eas indiv\u00edduos foram presos no bairro Salgado, em Caruaru, Agreste de Pernambuco.<\/div>\n<div style=\"margin-bottom: 6px; margin-top: 6px; text-align: justify;\">\n<\/div>\n<div class=\"_5pbx userContent _3576\" data-ft=\"{&quot;tn&quot;:&quot;K&quot;}\" style=\"color: #1d2129; line-height: 1.38; margin-top: 6px;\">\n<div class=\"text_exposed_root text_exposed\" id=\"id_5ae0db71b455d6f22333748\" style=\"display: inline;\">\n<div style=\"margin-bottom: 6px; margin-top: 6px;\">\n<\/div>\n<div style=\"text-align: justify;\">\nDe acordo com o soldado Cardoso, o sargento Lobo Solit\u00e1rio do NIA informou que estava acontecendo um tr\u00e1fico de drogas, e ao chegar no local a equipe do Choque, viu o Wellington Pereira da Silva, de 47 anos de idade, Jos\u00e9 Clodoaldo Louren\u00e7o de Araujo, de 46 anos, com maconha, ambos com a farda da Locar.&nbsp;<\/div>\n<div style=\"text-align: justify;\">\n<\/div>\n<div style=\"text-align: justify;\">\nDepois da pris\u00e3o dos dois suspeitos, a equipe foi para a casa do terceiro suspeito Fernando Jos\u00e9 da Silva Filho, que foi acusado de ter vendido aproximadamente 01 kg de maconha ao Jos\u00e9. Na resid\u00eancia foram encontrados 30 ma\u00e7os de cigarros, 52 desodorantes, sand\u00e1lias, roupas, tudo novo e aparelhos celulares com restri\u00e7\u00e3o de roubo.<\/div>\n<div style=\"text-align: justify;\">\n<\/div>\n<div style=\"text-align: justify;\">\nInforma\u00e7\u00f5es da Pol\u00edcia Militar.<\/div>\n<\/div>\n<\/div>\n<div class=\"_3x-2\" data-ft=\"{&quot;tn&quot;:&quot;H&quot;}\" style=\"color: #1d2129;\">\n<div data-ft=\"{&quot;tn&quot;:&quot;H&quot;}\">\n<div class=\"mtm\" style=\"margin-top: 10px;\">\n<div class=\"_2a2q\" style=\"height: 450px; overflow: hidden; position: relative; width: 450px;\">\n<a ajaxify=\"\/Caruaru24Horas\/photos\/pcb.1616116058442763\/1616115945109441\/?type=3&amp;size=720%2C393&amp;fbid=1616115945109441&amp;source=13&amp;player_origin=unknown&amp;referrer_profile_id=1488440731210297\" class=\"_5dec _xcx\" data-ft=\"{&quot;tn&quot;:&quot;E&quot;}\" data-ploi=\"https:\/\/scontent.frec3-1.fna.fbcdn.net\/v\/t1.0-9\/31242770_1616115948442774_879021432867127296_n.jpg?_nc_cat=0&amp;oh=2071af1491a0b242c33ddf71a501227c&amp;oe=5B9D4AB9\" data-referrerid=\"1488440731210297\" data-render-location=\"homepage_stream\" href=\"https:\/\/www.facebook.com\/Caruaru24Horas\/photos\/pcb.1616116058442763\/1616115945109441\/?type=3\" id=\"u_89_n\" rel=\"theater\" style=\"color: #365899; cursor: pointer; display: block; height: 299px; left: 0px; position: absolute; text-align: justify; text-decoration-line: none; top: 0px; width: 450px;\"><\/a><\/div>\n<\/div>\n<\/div>\n<\/div>\n<\/div>\n<\/div>\n","protected":false},"excerpt":{"rendered":"<p>Foto: PMPE\/Divulga\u00e7\u00e3o O trabalho foi em conjunto do &#8220;Lobo Solit\u00e1rio&#8221; do NIA, o Choque, r\u00e1dio Patrulha do 1 \u00ba BIEsp,&hellip;<\/p>\n","protected":false},"author":1,"featured_media":0,"comment_status":"open","ping_status":"open","sticky":false,"template":"","format":"standard","meta":{"footnotes":""},"categories":[1],"tags":[2,2851,1950,13],"class_list":["post-2605","post","type-post","status-publish","format-standard","hentry","category-sem-categoria","tag-blog-do-edvaldo-magalhaes","tag-garis-suspeitos-de-trafico-de-drogas-e-roubo-sao-presos-em-caruaru","tag-noticias-de-caruaru","tag-policial"],"_links":{"self":[{"href":"https:\/\/blogdoedvaldomagalhaes.com.br\/index.php\/wp-json\/wp\/v2\/posts\/2605","targetHints":{"allow":["GET"]}}],"collection":[{"href":"https:\/\/blogdoedvaldomagalhaes.com.br\/index.php\/wp-json\/wp\/v2\/posts"}],"about":[{"href":"https:\/\/blogdoedvaldomagalhaes.com.br\/index.php\/wp-json\/wp\/v2\/types\/post"}],"author":[{"embeddable":true,"href":"https:\/\/blogdoedvaldomagalhaes.com.br\/index.php\/wp-json\/wp\/v2\/users\/1"}],"replies":[{"embeddable":true,"href":"https:\/\/blogdoedvaldomagalhaes.com.br\/index.php\/wp-json\/wp\/v2\/comments?post=2605"}],"version-history":[{"count":1,"href":"https:\/\/blogdoedvaldomagalhaes.com.br\/index.php\/wp-json\/wp\/v2\/posts\/2605\/revisions"}],"predecessor-version":[{"id":30167,"href":"https:\/\/blogdoedvaldomagalhaes.com.br\/index.php\/wp-json\/wp\/v2\/posts\/2605\/revisions\/30167"}],"wp:attachment":[{"href":"https:\/\/blogdoedvaldomagalhaes.com.br\/index.php\/wp-json\/wp\/v2\/media?parent=2605"}],"wp:term":[{"taxonomy":"category","embeddable":true,"href":"https:\/\/blogdoedvaldomagalhaes.com.br\/index.php\/wp-json\/wp\/v2\/categories?post=2605"},{"taxonomy":"post_tag","embeddable":true,"href":"https:\/\/blogdoedvaldomagalhaes.com.br\/index.php\/wp-json\/wp\/v2\/tags?post=2605"}],"curies":[{"name":"wp","href":"https:\/\/api.w.org\/{rel}","templated":true}]}}