{"id":2603,"date":"2018-04-25T22:34:00","date_gmt":"2018-04-26T01:34:00","guid":{"rendered":"http:\/\/blogdoedvaldomagalhaes.com.br\/index.php\/2018\/04\/25\/servicos-de-saude-e-cidadania-gratis-no\/"},"modified":"2019-02-09T02:11:03","modified_gmt":"2019-02-09T04:11:03","slug":"servicos-de-saude-e-cidadania-gratis-no","status":"publish","type":"post","link":"https:\/\/blogdoedvaldomagalhaes.com.br\/index.php\/2018\/04\/25\/servicos-de-saude-e-cidadania-gratis-no\/","title":{"rendered":"Servi\u00e7os de sa\u00fade e cidadania gr\u00e1tis no Projeto Colmeia do Sesc Caruaru"},"content":{"rendered":"<div class=\"separator\" style=\"clear: both; text-align: center;\">\n<a href=\"https:\/\/2.bp.blogspot.com\/-eNBoCp6LF-E\/WuECNk0CRbI\/AAAAAAAAvS8\/idVMBen2fLwzdCHUNgdnzEJJK__3_tInwCLcBGAs\/s1600\/sesc%2B2.jpeg\" imageanchor=\"1\" style=\"margin-left: 1em; margin-right: 1em;\"><img loading=\"lazy\" decoding=\"async\" border=\"0\" data-original-height=\"780\" data-original-width=\"1040\" height=\"480\" src=\"http:\/\/blogdoedvaldomagalhaes.com.br\/wp-content\/uploads\/2018\/04\/sesc2.jpeg\" width=\"640\" \/><\/a><\/div>\n<div style=\"text-align: justify;\">\n<\/div>\n<div style=\"text-align: justify;\">\nO Sesc Pernambuco realiza em Caruaru, nesta sexta-feira (27\/04), a 12\u00aa edi\u00e7\u00e3o do Projeto Colmeia \u2013 Feira de Sa\u00fade e Cidadania, que oferecer\u00e1 gratuitamente testes r\u00e1pidos de sa\u00fade, orienta\u00e7\u00f5es, palestras, oficinas e emiss\u00e3o de documentos para a popula\u00e7\u00e3o. A iniciativa acontece na Pra\u00e7a do Marco Zero, no Centro, e conta com a mobiliza\u00e7\u00e3o de uma rede com mais de 25 parceiros. A expectativa \u00e9 de que sejam atendidas mais de 3 mil pessoas.<\/div>\n<div style=\"text-align: justify;\">\n<\/div>\n<div style=\"text-align: justify;\">\nQuem passar pelo local poder\u00e1 usufruir de servi\u00e7os nas \u00e1reas de sa\u00fade, bem-estar e beleza, cidadania, cultura e empreendedorismo por meio do projeto, que \u00e9 refer\u00eancia em sa\u00fade do Sesc e que une a\u00e7\u00f5es educativas e preventivas a servi\u00e7o da comunidade.<\/div>\n<div style=\"text-align: justify;\">\n<\/div>\n<div style=\"text-align: justify;\">\n<b>SA\u00daDE, BEM-ESTAR E BELEZA \u2013<\/b> O Senac estar\u00e1 presente realizando testes r\u00e1pidos e fornecendo orienta\u00e7\u00f5es sobre a preven\u00e7\u00e3o e o tratamento do diabetes e do colesterol alto, al\u00e9m de oferecer corte de cabelo e dicas sobre como cuidar do couro cabeludo.<\/div>\n<div style=\"text-align: justify;\">\n<\/div>\n<div style=\"text-align: justify;\">\nA Secretaria de Sa\u00fade de Caruaru dar\u00e1 orienta\u00e7\u00f5es sobre a import\u00e2ncia da sa\u00fade bucal, da preven\u00e7\u00e3o ao c\u00e2ncer de boca e realizar\u00e1 escova\u00e7\u00e3o supervisionada com a utiliza\u00e7\u00e3o do escov\u00f3dromo, equipamento destinado \u00e0 higiene bucal. O N\u00facleo de Apoio \u00e0 Sa\u00fade da Fam\u00edlia (NASF) ir\u00e1 demonstrar como funciona a t\u00e9cnica de estimula\u00e7\u00e3o dos pontos reflexo, chamada de auriculoacupuntura e passar\u00e1 orienta\u00e7\u00f5es gerais. J\u00e1 a Vigil\u00e2ncia Ambiental ir\u00e1 instruir os presentes sobre as arboviroses, transmitidas pelo Aedes Aegypt, como a Dengue, Zika e Chikungunya, e demais doen\u00e7as transmitidas por animais. A Vigil\u00e2ncia Sanit\u00e1ria aborda o controle de qualidade da \u00e1gua para o consumo humano e distribui hipoclorito de s\u00f3dio para popula\u00e7\u00e3o. Haver\u00e1 tamb\u00e9m vacina\u00e7\u00e3o.<\/div>\n<div style=\"text-align: justify;\">\n<\/div>\n<div style=\"text-align: justify;\">\nJ\u00e1 o Centro de Testagem e Aconselhamento em DST\/HIV\/AIDS (COAS\/CTA) e a Secretaria Estadual de Sa\u00fade participam com orienta\u00e7\u00f5es sobre a preven\u00e7\u00e3o \u00e0s infec\u00e7\u00f5es sexualmente transmiss\u00edveis (IST), oferecendo testes r\u00e1pidos, informa\u00e7\u00f5es sobre o assunto e distribui\u00e7\u00e3o de preservativos. A empresa \u00d3ticas Diniz orienta e avalia sobre doen\u00e7as da vis\u00e3o, enquanto a Racco fornece dicas de beleza e orienta\u00e7\u00f5es sobre os cuidados com a sa\u00fade da pele.<\/div>\n<div style=\"text-align: justify;\">\n<\/div>\n<div style=\"text-align: justify;\">\nO curso de Nutri\u00e7\u00e3o do Centro Universit\u00e1rio Unifavip\/Wyden contribui com orienta\u00e7\u00f5es sobre alimenta\u00e7\u00e3o saud\u00e1vel e realiza\u00e7\u00e3o de avalia\u00e7\u00e3o nutricional, enquanto que a gradua\u00e7\u00e3o em Psicologia participa com plant\u00e3o psicol\u00f3gico. J\u00e1 a Faculdade Maur\u00edcio de Nassau participa com os cursos de Biomedicina, com teste r\u00e1pido para verifica\u00e7\u00e3o do tipo sangu\u00edneo; de Educa\u00e7\u00e3o F\u00edsica, com orienta\u00e7\u00f5es sobre a import\u00e2ncia da atividade f\u00edsica para sa\u00fade e realiza\u00e7\u00e3o de alongamentos e aula de gin\u00e1stica; de Farm\u00e1cia, com teste r\u00e1pido para identifica\u00e7\u00e3o de dermatomicoses (pano branco); de Fisioterapia, com avalia\u00e7\u00e3o postural e aplica\u00e7\u00e3o do TENS; de Enfermagem, com preven\u00e7\u00e3o \u00e0 hipertens\u00e3o, orienta\u00e7\u00f5es e aferi\u00e7\u00e3o de press\u00e3o arterial; e de Odontologia, com preven\u00e7\u00e3o ao c\u00e2ncer de boca, orienta\u00e7\u00f5es e avalia\u00e7\u00e3o.<\/div>\n<div style=\"text-align: justify;\">\n<\/div>\n<div style=\"text-align: justify;\">\nE o Centro Universit\u00e1rio Tabosa de Almeida Asces\/Unita traz os cursos de Enfermagem, com aferi\u00e7\u00e3o de press\u00e3o arterial e de medidas antropom\u00e9ticas e orienta\u00e7\u00f5es sobre doen\u00e7as negligenciadas; de Nutri\u00e7\u00e3o, com avalia\u00e7\u00e3o do estado nutricional; de Farm\u00e1cia, com preven\u00e7\u00e3o e detec\u00e7\u00e3o de doen\u00e7as infectocontagiosas e orienta\u00e7\u00f5es sobre a utiliza\u00e7\u00e3o dos fitoter\u00e1picos; de Fisioterapia, com avalia\u00e7\u00e3o cardiorrespirat\u00f3ria; de Educa\u00e7\u00e3o F\u00edsica, com avalia\u00e7\u00e3o corporal e orienta\u00e7\u00f5es para pr\u00e1tica saud\u00e1vel de atividades f\u00edsicas; e de Biomedicina, com teste r\u00e1pido para o diagn\u00f3stico de anemia.<\/div>\n<div style=\"text-align: justify;\">\n<\/div>\n<div style=\"text-align: justify;\">\nO Programa Banco de Alimentos \/ Mesa Brasil do Sesc tamb\u00e9m estar\u00e1 presente com orienta\u00e7\u00f5es sobre alimenta\u00e7\u00e3o saud\u00e1vel, t\u00e9cnicas para o aproveitamento integral dos alimentos e combate ao desperd\u00edcio.<\/div>\n<div style=\"text-align: justify;\">\n<\/div>\n<div style=\"text-align: justify;\">\n<b>CIDADANIA \u2013<\/b> O 1\u00ba e o 2\u00ba Cart\u00f3rios de Registro Civil far\u00e3o emiss\u00e3o de 2\u00aa via de certid\u00e3o de nascimento, casamento e \u00f3bito e da habilita\u00e7\u00e3o para casamento civil. J\u00e1 o Cart\u00f3rio de Registro Civil da Vila de Carapot\u00f3s vai emitir 2\u00aa via de certid\u00e3o de nascimento, casamento e \u00f3bito. Para as pessoas que precisarem da 2\u00aa via da carteira de identidade, a Secretaria de Defesa Social (SDS) tamb\u00e9m vai emitir o documento. Neste caso, \u00e9 necess\u00e1rio apresentar original, e c\u00f3pia, da certid\u00e3o de nascimento ou casamento e duas fotos 3 x 4.<\/div>\n<div style=\"text-align: justify;\">\n<\/div>\n<div class=\"separator\" style=\"clear: both; text-align: center;\">\n<a href=\"https:\/\/1.bp.blogspot.com\/-hZq_XsjoM8s\/WuECVI6q7kI\/AAAAAAAAvTA\/qCBjyoIS-6k_Ri0L2BGxe_EKoGoSaudLQCLcBGAs\/s1600\/sesc%2B1.jpeg\" imageanchor=\"1\" style=\"margin-left: 1em; margin-right: 1em;\"><img loading=\"lazy\" decoding=\"async\" border=\"0\" data-original-height=\"780\" data-original-width=\"1040\" height=\"480\" src=\"http:\/\/blogdoedvaldomagalhaes.com.br\/wp-content\/uploads\/2018\/04\/sesc1.jpeg\" width=\"640\" \/><\/a><\/div>\n<div style=\"text-align: justify;\">\n<\/div>\n<div style=\"text-align: justify;\">\nA Celpe estar\u00e1 participando com orienta\u00e7\u00f5es sobre efici\u00eancia energ\u00e9tica, uso respons\u00e1vel e seguro da energia el\u00e9trica e atendimento comercial. Com a Compesa, ser\u00e1 poss\u00edvel solicitar servi\u00e7os em geral, obter orienta\u00e7\u00f5es sobre consumo respons\u00e1vel da \u00e1gua, fazer o cadastro na Tarifa Social, solicitar parcelamentos de faturas e emitir 2\u00aa via da contas de \u00e1gua. E o INSS dar\u00e1 orienta\u00e7\u00f5es sobre benef\u00edcios previdenci\u00e1rios e assistenciais.<\/div>\n<div style=\"text-align: justify;\">\n<\/div>\n<div style=\"text-align: justify;\">\nO p\u00fablico ainda ter\u00e1 orienta\u00e7\u00f5es sobre os direitos do consumidor com o Procon. Informa\u00e7\u00f5es jur\u00eddicas ser\u00e3o dadas pelo curso de Direito da Asces\/Unita. A Secretaria Estadual de Sa\u00fade tamb\u00e9m participa com a Opera\u00e7\u00e3o Lei Seca, orientando sobre dire\u00e7\u00e3o respons\u00e1vel e a import\u00e2ncia da utiliza\u00e7\u00e3o dos equipamentos de seguran\u00e7a.<\/div>\n<div style=\"text-align: justify;\">\n<\/div>\n<div style=\"text-align: justify;\">\nA Prefeitura de Caruaru estar\u00e1 no projeto com outras secretarias. A Secretaria de Desenvolvimento Social e Direitos Humanos com orienta\u00e7\u00f5es e encaminhamentos sobre o Programa Bolsa Fam\u00edlia e o Benef\u00edcio de Presta\u00e7\u00e3o Continuada (BPC) e a Secretaria de Pol\u00edticas para as Mulheres com orienta\u00e7\u00f5es sociais e encaminhamentos.<\/div>\n<div style=\"text-align: justify;\">\n<b><br \/><\/b><\/div>\n<div style=\"text-align: justify;\">\n<b>EMPREENDEDORISMO \u2013<\/b> O Sesc levar\u00e1 um trabalho de empreendedorismo e sustentabilidade, realizado pelo Grupo de Idosos da Unidade, oferecendo oficinas de artesanato e pe\u00e7as decorativas, confeccionadas a partir do reaproveitamento de res\u00edduos s\u00f3lidos. O Sebrae estar\u00e1 no local dando orienta\u00e7\u00f5es sobre empreendedorismo e fazendo atendimento ao Microempreendedor Individual (MEI).&nbsp;<\/div>\n<div style=\"text-align: justify;\">\n<\/div>\n<div style=\"text-align: justify;\">\n<b>CULTURA \u2013<\/b> Haver\u00e1 tamb\u00e9m apresenta\u00e7\u00f5es art\u00edsticas dos grupos de artes e cultura do Sesc Caruaru.<\/div>\n","protected":false},"excerpt":{"rendered":"<p>O Sesc Pernambuco realiza em Caruaru, nesta sexta-feira (27\/04), a 12\u00aa edi\u00e7\u00e3o do Projeto Colmeia \u2013 Feira de Sa\u00fade e&hellip;<\/p>\n","protected":false},"author":1,"featured_media":0,"comment_status":"open","ping_status":"open","sticky":false,"template":"","format":"standard","meta":{"footnotes":""},"categories":[1],"tags":[2,6,2850],"class_list":["post-2603","post","type-post","status-publish","format-standard","hentry","category-sem-categoria","tag-blog-do-edvaldo-magalhaes","tag-noticias","tag-servicos-de-saude-e-cidadania-gratis-no-projeto-colmeia-do-sesc-caruaru"],"_links":{"self":[{"href":"https:\/\/blogdoedvaldomagalhaes.com.br\/index.php\/wp-json\/wp\/v2\/posts\/2603","targetHints":{"allow":["GET"]}}],"collection":[{"href":"https:\/\/blogdoedvaldomagalhaes.com.br\/index.php\/wp-json\/wp\/v2\/posts"}],"about":[{"href":"https:\/\/blogdoedvaldomagalhaes.com.br\/index.php\/wp-json\/wp\/v2\/types\/post"}],"author":[{"embeddable":true,"href":"https:\/\/blogdoedvaldomagalhaes.com.br\/index.php\/wp-json\/wp\/v2\/users\/1"}],"replies":[{"embeddable":true,"href":"https:\/\/blogdoedvaldomagalhaes.com.br\/index.php\/wp-json\/wp\/v2\/comments?post=2603"}],"version-history":[{"count":1,"href":"https:\/\/blogdoedvaldomagalhaes.com.br\/index.php\/wp-json\/wp\/v2\/posts\/2603\/revisions"}],"predecessor-version":[{"id":30174,"href":"https:\/\/blogdoedvaldomagalhaes.com.br\/index.php\/wp-json\/wp\/v2\/posts\/2603\/revisions\/30174"}],"wp:attachment":[{"href":"https:\/\/blogdoedvaldomagalhaes.com.br\/index.php\/wp-json\/wp\/v2\/media?parent=2603"}],"wp:term":[{"taxonomy":"category","embeddable":true,"href":"https:\/\/blogdoedvaldomagalhaes.com.br\/index.php\/wp-json\/wp\/v2\/categories?post=2603"},{"taxonomy":"post_tag","embeddable":true,"href":"https:\/\/blogdoedvaldomagalhaes.com.br\/index.php\/wp-json\/wp\/v2\/tags?post=2603"}],"curies":[{"name":"wp","href":"https:\/\/api.w.org\/{rel}","templated":true}]}}