{"id":2602,"date":"2018-04-25T22:39:00","date_gmt":"2018-04-26T01:39:00","guid":{"rendered":"http:\/\/blogdoedvaldomagalhaes.com.br\/index.php\/2018\/04\/25\/caruaru-inicia-processo-de\/"},"modified":"2019-02-09T02:11:03","modified_gmt":"2019-02-09T04:11:03","slug":"caruaru-inicia-processo-de","status":"publish","type":"post","link":"https:\/\/blogdoedvaldomagalhaes.com.br\/index.php\/2018\/04\/25\/caruaru-inicia-processo-de\/","title":{"rendered":"Caruaru inicia processo de regulamenta\u00e7\u00e3o dos aplicativos de transporte de passageiros"},"content":{"rendered":"<div class=\"separator\" style=\"clear: both; text-align: center;\">\n<a href=\"https:\/\/2.bp.blogspot.com\/-EfBiFkR7s9A\/WuEDbTVvyYI\/AAAAAAAAvTM\/fP0kBTpYhREf5FhHUJEsQLt7q6i0y1GuQCLcBGAs\/s1600\/camara%2B2.jpg\" imageanchor=\"1\" style=\"margin-left: 1em; margin-right: 1em;\"><img loading=\"lazy\" decoding=\"async\" border=\"0\" data-original-height=\"585\" data-original-width=\"1040\" height=\"360\" src=\"http:\/\/blogdoedvaldomagalhaes.com.br\/wp-content\/uploads\/2018\/04\/camara2.jpg\" width=\"640\" \/><\/a><\/div>\n<div style=\"text-align: justify;\">\n<\/div>\n<div style=\"text-align: justify;\">\nO munic\u00edpio de Caruaru deu in\u00edcio ao processo de regulamenta\u00e7\u00e3o dos aplicativos de transporte de passageiros nesta quarta-feira (25). Na oportunidade, foi realizada uma audi\u00eancia p\u00fablica na C\u00e2mara Municipal onde estiveram reunidos representantes do poder p\u00fablico, dos aplicativos de transporte privado de passageiros, dos taxistas, dos mototaxistas e da popula\u00e7\u00e3o.<\/div>\n<div style=\"text-align: justify;\">\n<\/div>\n<div style=\"text-align: justify;\">\nO debate durou cerca de duas horas e deu oportunidade para que todos os envolvidos apresentassem seus argumentos e sugest\u00f5es no sentido de colaborar com a prefeitura municipal, que ficar\u00e1 respons\u00e1vel por elaborar o projeto de lei par regularizar e fiscalizar as empresas de aplicativos e os motoristas cadastrados para oferecer o servi\u00e7o.<\/div>\n<div style=\"text-align: justify;\">\n<\/div>\n<div class=\"separator\" style=\"clear: both; text-align: center;\">\n<a href=\"https:\/\/4.bp.blogspot.com\/-Ic3l0dlHchA\/WuEDoo1Ud1I\/AAAAAAAAvTQ\/Eaw9w_zkMRIDTgt-MXMYdcEFvzN8htUDgCLcBGAs\/s1600\/cazmara%2B1.jpg\" imageanchor=\"1\" style=\"margin-left: 1em; margin-right: 1em;\"><img loading=\"lazy\" decoding=\"async\" border=\"0\" data-original-height=\"585\" data-original-width=\"1040\" height=\"360\" src=\"http:\/\/blogdoedvaldomagalhaes.com.br\/wp-content\/uploads\/2018\/04\/cazmara1.jpg\" width=\"640\" \/><\/a><\/div>\n<div style=\"text-align: justify;\">\n<\/div>\n<div style=\"text-align: justify;\">\nO vereador Alberes Lopes (PSC), autor da propositura, destacou a import\u00e2ncia do debate, levando em considera\u00e7\u00e3o que o servi\u00e7o j\u00e1 existe h\u00e1 um ano no munic\u00edpio. \u201cAgora, vamos elaborar um rico relat\u00f3rio para ser entregue a prefeitura, apresentando alguns caminhos que podem ser seguidos para que a regulariza\u00e7\u00e3o seja positiva para o trabalhador, para a popula\u00e7\u00e3o e para o pr\u00f3prio munic\u00edpio. Tamb\u00e9m vamos criar uma comiss\u00e3o para continuar discutindo o tema\u201d, disse.<\/div>\n<div style=\"text-align: justify;\">\n<\/div>\n<div style=\"text-align: justify;\">\nAlberes ainda refor\u00e7a que a audi\u00eancia p\u00fablica veio atender o anseio da Lei federal que regulamenta os aplicativos de transporte privado de passageiros, sancionada pelo presidente Michel Temer no \u00faltimo m\u00eas de mar\u00e7o, que d\u00e1 aos munic\u00edpios o poder de regulamentar e fiscalizar esses servi\u00e7os.&nbsp;&nbsp;<\/p>\n<div class=\"separator\" style=\"clear: both; text-align: center;\">\n<a href=\"https:\/\/3.bp.blogspot.com\/-qQ_PxQMs3VY\/WuEG_woHOBI\/AAAAAAAAvTo\/zs0L95b2WicDi3nwPk_KjE_O5EoeVquEQCLcBGAs\/s1600\/vlaidmkir%255B.jpg\" imageanchor=\"1\" style=\"margin-left: 1em; margin-right: 1em;\"><img loading=\"lazy\" decoding=\"async\" border=\"0\" data-original-height=\"465\" data-original-width=\"660\" height=\"450\" src=\"http:\/\/blogdoedvaldomagalhaes.com.br\/wp-content\/uploads\/2018\/04\/vlaidmkir5B.jpg\" width=\"640\" \/><\/a><\/div>\n<div class=\"separator\" style=\"clear: both; text-align: center;\">\nFoto: Vladimir Barreto Rodrigues<\/div>\n<\/div>\n","protected":false},"excerpt":{"rendered":"<p>O munic\u00edpio de Caruaru deu in\u00edcio ao processo de regulamenta\u00e7\u00e3o dos aplicativos de transporte de passageiros nesta quarta-feira (25). Na&hellip;<\/p>\n","protected":false},"author":1,"featured_media":0,"comment_status":"open","ping_status":"open","sticky":false,"template":"","format":"standard","meta":{"footnotes":""},"categories":[1],"tags":[2,2849,20],"class_list":["post-2602","post","type-post","status-publish","format-standard","hentry","category-sem-categoria","tag-blog-do-edvaldo-magalhaes","tag-caruaru-inicia-processo-de-regulamentacao-dos-aplicativos-de-transporte-de-passageiros","tag-politica"],"_links":{"self":[{"href":"https:\/\/blogdoedvaldomagalhaes.com.br\/index.php\/wp-json\/wp\/v2\/posts\/2602","targetHints":{"allow":["GET"]}}],"collection":[{"href":"https:\/\/blogdoedvaldomagalhaes.com.br\/index.php\/wp-json\/wp\/v2\/posts"}],"about":[{"href":"https:\/\/blogdoedvaldomagalhaes.com.br\/index.php\/wp-json\/wp\/v2\/types\/post"}],"author":[{"embeddable":true,"href":"https:\/\/blogdoedvaldomagalhaes.com.br\/index.php\/wp-json\/wp\/v2\/users\/1"}],"replies":[{"embeddable":true,"href":"https:\/\/blogdoedvaldomagalhaes.com.br\/index.php\/wp-json\/wp\/v2\/comments?post=2602"}],"version-history":[{"count":1,"href":"https:\/\/blogdoedvaldomagalhaes.com.br\/index.php\/wp-json\/wp\/v2\/posts\/2602\/revisions"}],"predecessor-version":[{"id":30178,"href":"https:\/\/blogdoedvaldomagalhaes.com.br\/index.php\/wp-json\/wp\/v2\/posts\/2602\/revisions\/30178"}],"wp:attachment":[{"href":"https:\/\/blogdoedvaldomagalhaes.com.br\/index.php\/wp-json\/wp\/v2\/media?parent=2602"}],"wp:term":[{"taxonomy":"category","embeddable":true,"href":"https:\/\/blogdoedvaldomagalhaes.com.br\/index.php\/wp-json\/wp\/v2\/categories?post=2602"},{"taxonomy":"post_tag","embeddable":true,"href":"https:\/\/blogdoedvaldomagalhaes.com.br\/index.php\/wp-json\/wp\/v2\/tags?post=2602"}],"curies":[{"name":"wp","href":"https:\/\/api.w.org\/{rel}","templated":true}]}}