{"id":2600,"date":"2018-04-25T23:20:00","date_gmt":"2018-04-26T02:20:00","guid":{"rendered":"http:\/\/blogdoedvaldomagalhaes.com.br\/index.php\/2018\/04\/25\/oferta-de-agua-vai-dobrar-em-gravata\/"},"modified":"2019-02-09T02:11:04","modified_gmt":"2019-02-09T04:11:04","slug":"oferta-de-agua-vai-dobrar-em-gravata","status":"publish","type":"post","link":"https:\/\/blogdoedvaldomagalhaes.com.br\/index.php\/2018\/04\/25\/oferta-de-agua-vai-dobrar-em-gravata\/","title":{"rendered":"Oferta de \u00e1gua vai dobrar em Gravat\u00e1 com constru\u00e7\u00e3o de nova adutora e duplica\u00e7\u00e3o da esta\u00e7\u00e3o de tratamento"},"content":{"rendered":"<div class=\"separator\" style=\"clear: both; text-align: center;\">\n<a href=\"https:\/\/4.bp.blogspot.com\/-AQW4hbix42M\/WuENC5h6MCI\/AAAAAAAAvT4\/tPRj48DLQBsmniI-Oh_RpHbUmDNG-lxVQCLcBGAs\/s1600\/agua.jpg\" imageanchor=\"1\" style=\"margin-left: 1em; margin-right: 1em;\"><img loading=\"lazy\" decoding=\"async\" border=\"0\" data-original-height=\"532\" data-original-width=\"1024\" height=\"330\" src=\"http:\/\/blogdoedvaldomagalhaes.com.br\/wp-content\/uploads\/2018\/04\/agua-1.jpg\" width=\"640\" \/><\/a><\/div>\n<div style=\"background-color: white; border: 0px; margin-bottom: 1.5em; outline: 0px; padding: 0px; text-align: justify; vertical-align: baseline;\">\n<\/div>\n<div style=\"background-color: white; border: 0px; margin-bottom: 1.5em; outline: 0px; padding: 0px; text-align: justify; vertical-align: baseline;\">\nUm dos destinos tur\u00edsticos mais procurados da regi\u00e3o Agreste, Gravat\u00e1 receber\u00e1 um grande investimento para dobrar a oferta de \u00e1gua, beneficiando 140 mil pessoas, entre moradores e turistas que visitam a cidade o ano todo. Na pr\u00f3xima sexta-feira (27) j\u00e1 estar\u00e1 dispon\u00edvel o edital para a obra de Amplia\u00e7\u00e3o do Sistema Produtor Amaraji para Gravat\u00e1. O governador Paulo C\u00e2mara autorizou, no \u00faltimo dia 13, o in\u00edcio do processo de licita\u00e7\u00e3o da obra, que ser\u00e1 executada com recursos tomados de empr\u00e9stimo pela Companhia Pernambucana de Saneamento (Compesa) junto \u00e0 Caixa Econ\u00f4mica Federal\/FGTS, no valor de R$ 22 milh\u00f5es. Se somar esse investimento \u00e0s obras de constru\u00e7\u00e3o do Sistema de Esgotamento Sanit\u00e1rio, cuja primeira etapa est\u00e1 em execu\u00e7\u00e3o na cidade, o Governo do Estado j\u00e1 destinou mais de R$ 50 milh\u00f5es para Gravat\u00e1. \u201cQue a prioriza\u00e7\u00e3o do saneamento seja para deixar o legado de uma vida melhor para a popula\u00e7\u00e3o de Pernambuco\u201d, afirma Paulo C\u00e2mara.<\/div>\n<div style=\"background-color: white; border: 0px; margin-bottom: 1.5em; outline: 0px; padding: 0px; text-align: justify; vertical-align: baseline;\">\nPara ampliar o Sistema Produtor Amaraji, a obra prev\u00ea a constru\u00e7\u00e3o de uma via expressa, uma adutora com cerca de 20 quil\u00f4metros de extens\u00e3o at\u00e9 a Esta\u00e7\u00e3o de Tratamento de \u00c1gua (ETA) de Gravat\u00e1. Essa nova adutora ter\u00e1 condi\u00e7\u00f5es de transportar a vaz\u00e3o de 300 litros por segundo. A Barragem de Amaraji j\u00e1 era utilizada pela Compesa para atender Gravat\u00e1, por meio da Barragem de Vertente Doce, localizada em Ch\u00e3 Grande, que hoje \u00e9 a principal fonte de abastecimento da cidade. A \u00e1gua servia para perenizar Vertente Doce nos per\u00edodos de ver\u00e3o e situa\u00e7\u00f5es de seca extrema. Gravat\u00e1 ainda conta com colabora\u00e7\u00e3o de outros mananciais, Brejinho e Cliper, que s\u00e3o barragens de n\u00edvel.<\/div>\n<p><\/p>\n<div style=\"background-color: white; border: 0px; float: none; margin: 10px 0px; outline: 0px; padding: 0px; text-align: center; vertical-align: baseline;\">\n<\/div>\n<p><\/p>\n<div style=\"-webkit-text-stroke-width: 0px; background-color: white; border: 0px; font-style: normal; font-variant-caps: normal; font-variant-ligatures: normal; font-weight: 400; letter-spacing: normal; margin: 0px 0px 1.5em; orphans: 2; outline: 0px; padding: 0px; text-align: justify; text-decoration-color: initial; text-decoration-style: initial; text-indent: 0px; text-transform: none; vertical-align: baseline; white-space: normal; widows: 2; word-spacing: 0px;\">\n\u201cEsse novo empreendimento \u00e9 t\u00e3o importante, que ser\u00e1 poss\u00edvel, em per\u00edodos de estiagem, contar com as \u00e1guas da barragem de Amaraji chegando direto a cidade de Gravat\u00e1\u201d, informa o presidente da Compesa, Roberto Tavares. Outra parte importante dessa obra ser\u00e1 duplica\u00e7\u00e3o da ETA de Gravat\u00e1. A unidade receber\u00e1 a\u00e7\u00f5es de melhorias para aumentar a capacidade de tratamento de 200 para 400 litros de \u00e1gua, por segundo. Ap\u00f3s a assinatura da ordem de servi\u00e7o, as obras devem ser realizadas no per\u00edodo de quinze meses. \u201c\u00c9 importante lembrar que o governador Paulo C\u00e2mara deixar\u00e1 para Gravat\u00e1, al\u00e9m dessa obra, a alternativa das Adutoras do Agreste e de Serro Azul, para todos os gravataenses\u201d, pontua Roberto Tavares.<\/div>\n","protected":false},"excerpt":{"rendered":"<p>Um dos destinos tur\u00edsticos mais procurados da regi\u00e3o Agreste, Gravat\u00e1 receber\u00e1 um grande investimento para dobrar a oferta de \u00e1gua,&hellip;<\/p>\n","protected":false},"author":1,"featured_media":0,"comment_status":"open","ping_status":"open","sticky":false,"template":"","format":"standard","meta":{"footnotes":""},"categories":[1],"tags":[2,6,2847],"class_list":["post-2600","post","type-post","status-publish","format-standard","hentry","category-sem-categoria","tag-blog-do-edvaldo-magalhaes","tag-noticias","tag-oferta-de-agua-vai-dobrar-em-gravata-com-construcao-de-nova-adutora-e-duplicacao-da-estacao-de-tratamento"],"_links":{"self":[{"href":"https:\/\/blogdoedvaldomagalhaes.com.br\/index.php\/wp-json\/wp\/v2\/posts\/2600","targetHints":{"allow":["GET"]}}],"collection":[{"href":"https:\/\/blogdoedvaldomagalhaes.com.br\/index.php\/wp-json\/wp\/v2\/posts"}],"about":[{"href":"https:\/\/blogdoedvaldomagalhaes.com.br\/index.php\/wp-json\/wp\/v2\/types\/post"}],"author":[{"embeddable":true,"href":"https:\/\/blogdoedvaldomagalhaes.com.br\/index.php\/wp-json\/wp\/v2\/users\/1"}],"replies":[{"embeddable":true,"href":"https:\/\/blogdoedvaldomagalhaes.com.br\/index.php\/wp-json\/wp\/v2\/comments?post=2600"}],"version-history":[{"count":1,"href":"https:\/\/blogdoedvaldomagalhaes.com.br\/index.php\/wp-json\/wp\/v2\/posts\/2600\/revisions"}],"predecessor-version":[{"id":30182,"href":"https:\/\/blogdoedvaldomagalhaes.com.br\/index.php\/wp-json\/wp\/v2\/posts\/2600\/revisions\/30182"}],"wp:attachment":[{"href":"https:\/\/blogdoedvaldomagalhaes.com.br\/index.php\/wp-json\/wp\/v2\/media?parent=2600"}],"wp:term":[{"taxonomy":"category","embeddable":true,"href":"https:\/\/blogdoedvaldomagalhaes.com.br\/index.php\/wp-json\/wp\/v2\/categories?post=2600"},{"taxonomy":"post_tag","embeddable":true,"href":"https:\/\/blogdoedvaldomagalhaes.com.br\/index.php\/wp-json\/wp\/v2\/tags?post=2600"}],"curies":[{"name":"wp","href":"https:\/\/api.w.org\/{rel}","templated":true}]}}