{"id":2599,"date":"2018-04-26T10:53:00","date_gmt":"2018-04-26T13:53:00","guid":{"rendered":"http:\/\/blogdoedvaldomagalhaes.com.br\/index.php\/2018\/04\/26\/governador-paulo-camara-assina-e\/"},"modified":"2019-02-09T02:11:04","modified_gmt":"2019-02-09T04:11:04","slug":"governador-paulo-camara-assina-e","status":"publish","type":"post","link":"https:\/\/blogdoedvaldomagalhaes.com.br\/index.php\/2018\/04\/26\/governador-paulo-camara-assina-e\/","title":{"rendered":"Governador Paulo C\u00e2mara assina em Caruaru ordem de servi\u00e7o da Adutora Serro Azul"},"content":{"rendered":"<div class=\"separator\" style=\"clear: both; text-align: center;\">\n<a href=\"https:\/\/2.bp.blogspot.com\/-oAo4fcMoxGc\/WuGviA9aAFI\/AAAAAAAAvU4\/jM9YGgbA9PgayaZoJCesVGEgwW6vgrUnQCLcBGAs\/s1600\/paulo.jpg\" imageanchor=\"1\" style=\"margin-left: 1em; margin-right: 1em;\"><img loading=\"lazy\" decoding=\"async\" border=\"0\" data-original-height=\"281\" data-original-width=\"500\" height=\"358\" src=\"http:\/\/blogdoedvaldomagalhaes.com.br\/wp-content\/uploads\/2018\/04\/paulo.jpg\" width=\"640\" \/><\/a><\/div>\n<p><\/p>\n<div style=\"background-color: white; box-sizing: border-box; line-height: 24px; margin-bottom: 10px; text-align: justify;\">\n<div style=\"border: 0px; margin-bottom: 1.5em; outline: 0px; padding: 0px; text-align: justify; vertical-align: baseline;\">\nO governador Paulo C\u00e2mara visita, nesta quinta-feira (26), o munic\u00edpio de Caruaru, no Agreste Central, para comandar duas importantes a\u00e7\u00f5es nas \u00e1reas da educa\u00e7\u00e3o e de infraestrutura h\u00eddrica. A primeira delas, no in\u00edcio da manh\u00e3, ser\u00e1 a reuni\u00e3o da Pactua\u00e7\u00e3o de Metas 2018 da Secretaria Estadual de Educa\u00e7\u00e3o (SEE). Na oportunidade, Paulo visita tamb\u00e9m os polos Cultural e Esportivo da Caravana da Educa\u00e7\u00e3o, um circuito de atividades pedag\u00f3gicas, culturais, esportivas e de orienta\u00e7\u00f5es aos estudantes, que acontecem no mesmo dia da Pactua\u00e7\u00e3o com a participa\u00e7\u00e3o da comunidade escolar. Tamb\u00e9m ser\u00e3o dadas por inauguradas duas quadras cobertas das escolas Maria Auxiliadora e Paulina Monteiro, ambas em Caruaru.<\/div>\n<div style=\"border: 0px; margin-bottom: 1.5em; outline: 0px; padding: 0px; text-align: justify; vertical-align: baseline;\">\nNa sequ\u00eancia, o governador ir\u00e1 assinar a Ordem de Servi\u00e7o para a constru\u00e7\u00e3o do Sistema Adutor a partir da Barragem de Serro Azul. Al\u00e9m de Caruaru, o equipamento h\u00eddrico ir\u00e1 beneficiar os munic\u00edpios de Belo Jardim, Sanhar\u00f3, Tacaimb\u00f3, S\u00e3o Bento do Una, S\u00e3o Caetano, Santa Cruz do Capibaribe, Toritama, Bezerros e Gravat\u00e1, somando 1,5 milh\u00e3o de pessoas atendidas. Com um investimento de R$ 213 milh\u00f5es, a Adutora ter\u00e1 capacidade de transportar 500 l\/s at\u00e9 o ponto de interliga\u00e7\u00e3o com a Adutora do Agreste, entre os munic\u00edpios de Caruaru e Bezerros.<\/div>\n<\/div>\n","protected":false},"excerpt":{"rendered":"<p>O governador Paulo C\u00e2mara visita, nesta quinta-feira (26), o munic\u00edpio de Caruaru, no Agreste Central, para comandar duas importantes a\u00e7\u00f5es&hellip;<\/p>\n","protected":false},"author":1,"featured_media":0,"comment_status":"open","ping_status":"open","sticky":false,"template":"","format":"standard","meta":{"footnotes":""},"categories":[1],"tags":[2,2846,20],"class_list":["post-2599","post","type-post","status-publish","format-standard","hentry","category-sem-categoria","tag-blog-do-edvaldo-magalhaes","tag-governador-paulo-camara-assina-em-caruaru-ordem-de-servico-da-adutora-serro-azul","tag-politica"],"_links":{"self":[{"href":"https:\/\/blogdoedvaldomagalhaes.com.br\/index.php\/wp-json\/wp\/v2\/posts\/2599","targetHints":{"allow":["GET"]}}],"collection":[{"href":"https:\/\/blogdoedvaldomagalhaes.com.br\/index.php\/wp-json\/wp\/v2\/posts"}],"about":[{"href":"https:\/\/blogdoedvaldomagalhaes.com.br\/index.php\/wp-json\/wp\/v2\/types\/post"}],"author":[{"embeddable":true,"href":"https:\/\/blogdoedvaldomagalhaes.com.br\/index.php\/wp-json\/wp\/v2\/users\/1"}],"replies":[{"embeddable":true,"href":"https:\/\/blogdoedvaldomagalhaes.com.br\/index.php\/wp-json\/wp\/v2\/comments?post=2599"}],"version-history":[{"count":1,"href":"https:\/\/blogdoedvaldomagalhaes.com.br\/index.php\/wp-json\/wp\/v2\/posts\/2599\/revisions"}],"predecessor-version":[{"id":30184,"href":"https:\/\/blogdoedvaldomagalhaes.com.br\/index.php\/wp-json\/wp\/v2\/posts\/2599\/revisions\/30184"}],"wp:attachment":[{"href":"https:\/\/blogdoedvaldomagalhaes.com.br\/index.php\/wp-json\/wp\/v2\/media?parent=2599"}],"wp:term":[{"taxonomy":"category","embeddable":true,"href":"https:\/\/blogdoedvaldomagalhaes.com.br\/index.php\/wp-json\/wp\/v2\/categories?post=2599"},{"taxonomy":"post_tag","embeddable":true,"href":"https:\/\/blogdoedvaldomagalhaes.com.br\/index.php\/wp-json\/wp\/v2\/tags?post=2599"}],"curies":[{"name":"wp","href":"https:\/\/api.w.org\/{rel}","templated":true}]}}