{"id":2598,"date":"2018-04-26T10:55:00","date_gmt":"2018-04-26T13:55:00","guid":{"rendered":"http:\/\/blogdoedvaldomagalhaes.com.br\/index.php\/2018\/04\/26\/tenente-coronel-tiberio-cesar-vai\/"},"modified":"2019-02-09T02:11:04","modified_gmt":"2019-02-09T04:11:04","slug":"tenente-coronel-tiberio-cesar-vai","status":"publish","type":"post","link":"https:\/\/blogdoedvaldomagalhaes.com.br\/index.php\/2018\/04\/26\/tenente-coronel-tiberio-cesar-vai\/","title":{"rendered":"Tenente-coronel Tib\u00e9rio C\u00e9sar vai deixar o comando do 4\u00ba BPM"},"content":{"rendered":"<div class=\"separator\" style=\"clear: both; text-align: center;\">\n<a href=\"https:\/\/1.bp.blogspot.com\/-oPloIf2f5QY\/WuGwKmh7GAI\/AAAAAAAAvVA\/-CYIdBbe0SYmoMFW8OhGlzBTaq7kNydDwCLcBGAs\/s1600\/bpm.jpg\" imageanchor=\"1\" style=\"margin-left: 1em; margin-right: 1em;\"><img loading=\"lazy\" decoding=\"async\" border=\"0\" data-original-height=\"433\" data-original-width=\"768\" height=\"360\" src=\"http:\/\/blogdoedvaldomagalhaes.com.br\/wp-content\/uploads\/2018\/04\/bpm-1.jpg\" width=\"640\" \/><\/a><\/div>\n<div style=\"background-color: white; box-sizing: border-box; line-height: 24px; margin-bottom: 10px; text-align: justify;\">\n<\/div>\n<div style=\"background-color: white; box-sizing: border-box; line-height: 24px; margin-bottom: 10px; text-align: justify;\">\nO Tenente-coronel Tib\u00e9rio C\u00e9sar vai deixar o comando do 4\u00ba Batalh\u00e3o da Pol\u00edcia Militar, com sede em Caruaru, Agreste de Pernambuco. Ele ser\u00e1 substitu\u00eddo pelo tenente-coronel Geovani Augusto.<\/div>\n<div style=\"background-color: white; box-sizing: border-box; line-height: 24px; margin-bottom: 10px; text-align: justify;\">\nTib\u00e9rio,&nbsp;<a href=\"http:\/\/liberdade.com.br\/ely-jobson-deixa-o-4o-bpm-e-o-novo-comandante-e-o-tenente-coronel-tiberio-cesar\/\" style=\"background-color: transparent; box-sizing: border-box; text-decoration-line: none; transition: 0.3s;\">que estava no cargo desde outubro do ano passado<\/a>, foi promovido a coronel da Pol\u00edcia Militar de Pernambuco. A solenidade de troca de comando no 4\u00ba BPM ainda n\u00e3o tem data definida.<\/div>\n<div style=\"background-color: white; box-sizing: border-box; line-height: 24px; margin-bottom: 10px; text-align: justify;\">\nFonte: R\u00e1dio Liberdade.<\/div>\n","protected":false},"excerpt":{"rendered":"<p>O Tenente-coronel Tib\u00e9rio C\u00e9sar vai deixar o comando do 4\u00ba Batalh\u00e3o da Pol\u00edcia Militar, com sede em Caruaru, Agreste de&hellip;<\/p>\n","protected":false},"author":1,"featured_media":0,"comment_status":"open","ping_status":"open","sticky":false,"template":"","format":"standard","meta":{"footnotes":""},"categories":[1],"tags":[2,1950,13,2845],"class_list":["post-2598","post","type-post","status-publish","format-standard","hentry","category-sem-categoria","tag-blog-do-edvaldo-magalhaes","tag-noticias-de-caruaru","tag-policial","tag-tenente-coronel-tiberio-cesar-vai-deixar-o-comando-do-4o-bpm"],"_links":{"self":[{"href":"https:\/\/blogdoedvaldomagalhaes.com.br\/index.php\/wp-json\/wp\/v2\/posts\/2598","targetHints":{"allow":["GET"]}}],"collection":[{"href":"https:\/\/blogdoedvaldomagalhaes.com.br\/index.php\/wp-json\/wp\/v2\/posts"}],"about":[{"href":"https:\/\/blogdoedvaldomagalhaes.com.br\/index.php\/wp-json\/wp\/v2\/types\/post"}],"author":[{"embeddable":true,"href":"https:\/\/blogdoedvaldomagalhaes.com.br\/index.php\/wp-json\/wp\/v2\/users\/1"}],"replies":[{"embeddable":true,"href":"https:\/\/blogdoedvaldomagalhaes.com.br\/index.php\/wp-json\/wp\/v2\/comments?post=2598"}],"version-history":[{"count":1,"href":"https:\/\/blogdoedvaldomagalhaes.com.br\/index.php\/wp-json\/wp\/v2\/posts\/2598\/revisions"}],"predecessor-version":[{"id":30186,"href":"https:\/\/blogdoedvaldomagalhaes.com.br\/index.php\/wp-json\/wp\/v2\/posts\/2598\/revisions\/30186"}],"wp:attachment":[{"href":"https:\/\/blogdoedvaldomagalhaes.com.br\/index.php\/wp-json\/wp\/v2\/media?parent=2598"}],"wp:term":[{"taxonomy":"category","embeddable":true,"href":"https:\/\/blogdoedvaldomagalhaes.com.br\/index.php\/wp-json\/wp\/v2\/categories?post=2598"},{"taxonomy":"post_tag","embeddable":true,"href":"https:\/\/blogdoedvaldomagalhaes.com.br\/index.php\/wp-json\/wp\/v2\/tags?post=2598"}],"curies":[{"name":"wp","href":"https:\/\/api.w.org\/{rel}","templated":true}]}}