{"id":2597,"date":"2018-04-26T11:00:00","date_gmt":"2018-04-26T14:00:00","guid":{"rendered":"http:\/\/blogdoedvaldomagalhaes.com.br\/index.php\/2018\/04\/26\/acic-elege-presidencia-do-conselho\/"},"modified":"2019-02-09T02:11:06","modified_gmt":"2019-02-09T04:11:06","slug":"acic-elege-presidencia-do-conselho","status":"publish","type":"post","link":"https:\/\/blogdoedvaldomagalhaes.com.br\/index.php\/2018\/04\/26\/acic-elege-presidencia-do-conselho\/","title":{"rendered":"Acic elege presid\u00eancia do Conselho Superior Deliberativo para bi\u00eanio 2018\/2020"},"content":{"rendered":"<div class=\"separator\" style=\"clear: both; text-align: center;\">\n<a href=\"https:\/\/2.bp.blogspot.com\/-4dl8q6uVh8w\/WuGxW72J7bI\/AAAAAAAAvVM\/ytc7PMrfSrIPskc9mlRrz7KIfuJa62dDACLcBGAs\/s1600\/acic.jpg\" imageanchor=\"1\" style=\"margin-left: 1em; margin-right: 1em;\"><img loading=\"lazy\" decoding=\"async\" border=\"0\" data-original-height=\"383\" data-original-width=\"660\" height=\"370\" src=\"http:\/\/blogdoedvaldomagalhaes.com.br\/wp-content\/uploads\/2018\/04\/acic-1.jpg\" width=\"640\" \/><\/a><\/div>\n<div style=\"background-color: white; border: 0px; margin-bottom: 1.5em; outline: 0px; padding: 0px; text-align: justify; vertical-align: baseline;\">\n<\/div>\n<div style=\"background-color: white; border: 0px; margin-bottom: 1.5em; outline: 0px; padding: 0px; text-align: justify; vertical-align: baseline;\">\nFoi realizada na noite da \u00faltima ter\u00e7a-feira, 24, na Acic, a elei\u00e7\u00e3o da nova presid\u00eancia do Conselho Superior Deliberativo da Entidade, para os pr\u00f3ximos dois anos.&nbsp;O eleito foi o s\u00f3cio benem\u00e9rito da Institui\u00e7\u00e3o, Severino Montenegro, que ter\u00e1 como vice o empres\u00e1rio do setor de consultoria e assessoria empresarial, Os\u00edris Lins Caldas, que ocupou o cargo de presidente da Associa\u00e7\u00e3o em 2013, 2015 e 2016.<\/div>\n<div style=\"background-color: white; border: 0px; margin-bottom: 1.5em; outline: 0px; padding: 0px; text-align: justify; vertical-align: baseline;\">\nO Conselho Superior Deliberativo \u00e9 formado por ex-presidentes da entidade e s\u00f3cios benem\u00e9ritos. Durante a reuni\u00e3o, que marcou a elei\u00e7\u00e3o para o novo bi\u00eanio, tamb\u00e9m estiveram presentes: Franco Vasconcelos, Djalma Cintra Jr, Jo\u00e3o Bezerra, Bernardo Barbosa e o presidente e vice-presidente do Conselho para o bi\u00eanio 2016-2018, Ricardo Montenegro e Leonardo Fontes.<\/div>\n<div class=\"google-auto-placed ap_container\" style=\"background-color: white; border: 0px; clear: none; height: auto; margin: 0px; outline: 0px; padding: 0px; text-align: center; vertical-align: baseline; width: 620px;\">\n<ins class=\"adsbygoogle adsbygoogle-noablate\" data-ad-client=\"ca-pub-5266789576615095\" data-ad-format=\"auto\" data-adsbygoogle-status=\"done\" style=\"background: transparent; border: 0px; display: block; font-style: inherit; font-weight: inherit; margin: auto; outline: 0px; padding: 0px; vertical-align: baseline;\"><ins id=\"aswift_7_expand\" style=\"background: transparent; border: none; display: inline-table; font-style: inherit; font-weight: inherit; height: 0px; margin: 0px; outline: 0px; padding: 0px; position: relative; vertical-align: baseline; visibility: visible; width: 620px;\"><ins id=\"aswift_7_anchor\" style=\"background: transparent; border: none; display: block; font-style: inherit; font-weight: inherit; height: 0px; margin: 0px; opacity: 0; outline: 0px; overflow: hidden; padding: 0px; position: relative; vertical-align: baseline; visibility: visible; width: 620px;\"><iframe allowfullscreen=\"true\" allowtransparency=\"true\" frameborder=\"0\" height=\"155\" hspace=\"0\" id=\"aswift_7\" marginheight=\"0\" marginwidth=\"0\" name=\"aswift_7\" scrolling=\"no\" style=\"border-style: initial; border-width: 0px; font-style: inherit; font-weight: inherit; height: 155px; left: 0px; margin: 0px; max-width: 100%; outline: 0px; padding: 0px; position: absolute; text-align: justify; top: 0px; vertical-align: baseline; width: 620px;\" vspace=\"0\" width=\"620\"><\/iframe><\/ins><\/ins><\/ins><\/div>\n<div style=\"background-color: white; border: 0px; margin-bottom: 1.5em; outline: 0px; padding: 0px; text-align: justify; vertical-align: baseline;\">\nO Conselho Deliberativo da Acic tem como objetivo deliberar sobre a pol\u00edtica geral de administra\u00e7\u00e3o da Entidade, seus planos de benef\u00edcios, com a miss\u00e3o de opinar nos assuntos mais relevantes, auxiliando a presid\u00eancia da Associa\u00e7\u00e3o na tomada de decis\u00f5es mais complexas.<\/div>\n<div style=\"background-color: white; border: 0px; margin-bottom: 1.5em; outline: 0px; padding: 0px; text-align: justify; vertical-align: baseline;\">\nAinda, segundo o estatuto da Entidade, em seu artigo 22, cabe a este Conselho pronunciar-se sobre as quest\u00f5es que lhe forem submetidas pela Diretoria, \u00ad julgar recursos contra atos da Diretoria, conferir t\u00edtulos de S\u00f3cio Benem\u00e9rito e intermediar as rela\u00e7\u00f5es entre os \u00f3rg\u00e3os diretivos da Institui\u00e7\u00e3o para a solu\u00e7\u00e3o de casos espec\u00edficos, al\u00e9m de outras fun\u00e7\u00f5es.<\/div>\n<div style=\"background-color: white; border: 0px; margin-bottom: 1.5em; outline: 0px; padding: 0px; text-align: justify; vertical-align: baseline;\">\nO Conselho Superior Deliberativo re\u00fane-se duas vezes por ano, de acordo com o artigo 23 do estatuto da Acic, nos meses de abril e setembro de cada ano, podendo fazer reuni\u00f5es extraordin\u00e1rias para tratar de algum assunto urgente e relevante.<\/div>\n","protected":false},"excerpt":{"rendered":"<p>Foi realizada na noite da \u00faltima ter\u00e7a-feira, 24, na Acic, a elei\u00e7\u00e3o da nova presid\u00eancia do Conselho Superior Deliberativo da&hellip;<\/p>\n","protected":false},"author":1,"featured_media":0,"comment_status":"open","ping_status":"open","sticky":false,"template":"","format":"standard","meta":{"footnotes":""},"categories":[1],"tags":[2844,2,6],"class_list":["post-2597","post","type-post","status-publish","format-standard","hentry","category-sem-categoria","tag-acic-elege-presidencia-do-conselho-superior-deliberativo-para-bienio-2018-2020","tag-blog-do-edvaldo-magalhaes","tag-noticias"],"_links":{"self":[{"href":"https:\/\/blogdoedvaldomagalhaes.com.br\/index.php\/wp-json\/wp\/v2\/posts\/2597","targetHints":{"allow":["GET"]}}],"collection":[{"href":"https:\/\/blogdoedvaldomagalhaes.com.br\/index.php\/wp-json\/wp\/v2\/posts"}],"about":[{"href":"https:\/\/blogdoedvaldomagalhaes.com.br\/index.php\/wp-json\/wp\/v2\/types\/post"}],"author":[{"embeddable":true,"href":"https:\/\/blogdoedvaldomagalhaes.com.br\/index.php\/wp-json\/wp\/v2\/users\/1"}],"replies":[{"embeddable":true,"href":"https:\/\/blogdoedvaldomagalhaes.com.br\/index.php\/wp-json\/wp\/v2\/comments?post=2597"}],"version-history":[{"count":1,"href":"https:\/\/blogdoedvaldomagalhaes.com.br\/index.php\/wp-json\/wp\/v2\/posts\/2597\/revisions"}],"predecessor-version":[{"id":30188,"href":"https:\/\/blogdoedvaldomagalhaes.com.br\/index.php\/wp-json\/wp\/v2\/posts\/2597\/revisions\/30188"}],"wp:attachment":[{"href":"https:\/\/blogdoedvaldomagalhaes.com.br\/index.php\/wp-json\/wp\/v2\/media?parent=2597"}],"wp:term":[{"taxonomy":"category","embeddable":true,"href":"https:\/\/blogdoedvaldomagalhaes.com.br\/index.php\/wp-json\/wp\/v2\/categories?post=2597"},{"taxonomy":"post_tag","embeddable":true,"href":"https:\/\/blogdoedvaldomagalhaes.com.br\/index.php\/wp-json\/wp\/v2\/tags?post=2597"}],"curies":[{"name":"wp","href":"https:\/\/api.w.org\/{rel}","templated":true}]}}