{"id":2596,"date":"2018-04-26T11:04:00","date_gmt":"2018-04-26T14:04:00","guid":{"rendered":"http:\/\/blogdoedvaldomagalhaes.com.br\/index.php\/2018\/04\/26\/definidos-homenageados-do-sao-joao-2018\/"},"modified":"2019-02-09T02:11:07","modified_gmt":"2019-02-09T04:11:07","slug":"definidos-homenageados-do-sao-joao-2018","status":"publish","type":"post","link":"https:\/\/blogdoedvaldomagalhaes.com.br\/index.php\/2018\/04\/26\/definidos-homenageados-do-sao-joao-2018\/","title":{"rendered":"Definidos homenageados do S\u00e3o Jo\u00e3o 2018 de Caruaru"},"content":{"rendered":"<div class=\"separator\" style=\"clear: both; text-align: center;\">\n<a href=\"https:\/\/3.bp.blogspot.com\/-87Jmk5ZoM30\/WuGyIF9vx4I\/AAAAAAAAvVU\/skAWCapxCNkFJsugaLJXq_mEDlb_VpiwwCLcBGAs\/s1600\/maria.jpg\" imageanchor=\"1\" style=\"margin-left: 1em; margin-right: 1em;\"><img loading=\"lazy\" decoding=\"async\" border=\"0\" data-original-height=\"330\" data-original-width=\"470\" height=\"448\" src=\"http:\/\/blogdoedvaldomagalhaes.com.br\/wp-content\/uploads\/2018\/04\/maria.jpg\" width=\"640\" \/><\/a><\/div>\n<div style=\"text-align: justify;\">\nOs homenageados do S\u00e3o Jo\u00e3o 2018 de Caruaru, ser\u00e3o a poetisa e compositora F\u00e1tima Marcolino e Maria Eug\u00eania, a conhecida \u2018dona Maria do Bolo\u2019, idealizadora do Maior P\u00e9 de Moleque do Mundo (foto), al\u00e9m dos homenageados p\u00f3stumos, o colunista social Jotta Lagos, que faleceu no in\u00edcio de janeiro deste ano; o escritor, compositor e pesquisador Nelson Barbalho, no ano do seu centen\u00e1rio; e Z\u00e9 de Luc\u00eda do Palho\u00e7\u00e3o.&nbsp;<\/p>\n<p>A grade completa da programa\u00e7\u00e3o e as novidades dos festejos juninos ser\u00e3o divulgadas na noite desta quinta-feira (26), durante festa de lan\u00e7amento do projeto, na Rua 3 de Maio.<\/p><\/div>\n","protected":false},"excerpt":{"rendered":"<p>Os homenageados do S\u00e3o Jo\u00e3o 2018 de Caruaru, ser\u00e3o a poetisa e compositora F\u00e1tima Marcolino e Maria Eug\u00eania, a conhecida&hellip;<\/p>\n","protected":false},"author":1,"featured_media":0,"comment_status":"open","ping_status":"open","sticky":false,"template":"","format":"standard","meta":{"footnotes":""},"categories":[1],"tags":[2,2843,6,1950],"class_list":["post-2596","post","type-post","status-publish","format-standard","hentry","category-sem-categoria","tag-blog-do-edvaldo-magalhaes","tag-definidos-homenageados-do-sao-joao-2018-de-caruaru","tag-noticias","tag-noticias-de-caruaru"],"_links":{"self":[{"href":"https:\/\/blogdoedvaldomagalhaes.com.br\/index.php\/wp-json\/wp\/v2\/posts\/2596","targetHints":{"allow":["GET"]}}],"collection":[{"href":"https:\/\/blogdoedvaldomagalhaes.com.br\/index.php\/wp-json\/wp\/v2\/posts"}],"about":[{"href":"https:\/\/blogdoedvaldomagalhaes.com.br\/index.php\/wp-json\/wp\/v2\/types\/post"}],"author":[{"embeddable":true,"href":"https:\/\/blogdoedvaldomagalhaes.com.br\/index.php\/wp-json\/wp\/v2\/users\/1"}],"replies":[{"embeddable":true,"href":"https:\/\/blogdoedvaldomagalhaes.com.br\/index.php\/wp-json\/wp\/v2\/comments?post=2596"}],"version-history":[{"count":1,"href":"https:\/\/blogdoedvaldomagalhaes.com.br\/index.php\/wp-json\/wp\/v2\/posts\/2596\/revisions"}],"predecessor-version":[{"id":30190,"href":"https:\/\/blogdoedvaldomagalhaes.com.br\/index.php\/wp-json\/wp\/v2\/posts\/2596\/revisions\/30190"}],"wp:attachment":[{"href":"https:\/\/blogdoedvaldomagalhaes.com.br\/index.php\/wp-json\/wp\/v2\/media?parent=2596"}],"wp:term":[{"taxonomy":"category","embeddable":true,"href":"https:\/\/blogdoedvaldomagalhaes.com.br\/index.php\/wp-json\/wp\/v2\/categories?post=2596"},{"taxonomy":"post_tag","embeddable":true,"href":"https:\/\/blogdoedvaldomagalhaes.com.br\/index.php\/wp-json\/wp\/v2\/tags?post=2596"}],"curies":[{"name":"wp","href":"https:\/\/api.w.org\/{rel}","templated":true}]}}