{"id":2595,"date":"2018-04-26T22:54:00","date_gmt":"2018-04-27T01:54:00","guid":{"rendered":"http:\/\/blogdoedvaldomagalhaes.com.br\/index.php\/2018\/04\/26\/confira-as-atracoes-do-sao-joao-2018-de\/"},"modified":"2019-02-09T02:11:07","modified_gmt":"2019-02-09T04:11:07","slug":"confira-as-atracoes-do-sao-joao-2018-de","status":"publish","type":"post","link":"https:\/\/blogdoedvaldomagalhaes.com.br\/index.php\/2018\/04\/26\/confira-as-atracoes-do-sao-joao-2018-de\/","title":{"rendered":"Confira as atra\u00e7\u00f5es do S\u00e3o Jo\u00e3o 2018 de Caruaru"},"content":{"rendered":"<div class=\"separator\" style=\"clear: both; text-align: center;\">\n<a href=\"https:\/\/2.bp.blogspot.com\/-MlUrjo1Q79g\/WuJ6ZbHJQVI\/AAAAAAAAvak\/9OUwAo25DHQKqgscABBpT4eo6o4ZYAZ8ACLcBGAs\/s1600\/31277543_2056784741015905_7883195580254519296_n.jpg\" imageanchor=\"1\" style=\"margin-left: 1em; margin-right: 1em;\"><img loading=\"lazy\" decoding=\"async\" border=\"0\" data-original-height=\"960\" data-original-width=\"564\" height=\"640\" src=\"http:\/\/blogdoedvaldomagalhaes.com.br\/wp-content\/uploads\/2018\/04\/31277543_2056784741015905_7883195580254519296_n.jpg\" width=\"371\" \/><\/a><\/div>\n<div class=\"separator\" style=\"clear: both; text-align: center;\">\n<\/div>\n<div style=\"background-color: white; border: 0px; margin-bottom: 1.5em; outline: 0px; padding: 0px; text-align: justify; vertical-align: baseline;\">\nDe 1\u00ba a 30 de junho, Caruaru ter\u00e1 22 dias de festa, espalhada por 21 polos de anima\u00e7\u00e3o.&nbsp;<\/div>\n<div style=\"background-color: white; border: 0px; margin-bottom: 1.5em; outline: 0px; padding: 0px; text-align: justify; vertical-align: baseline;\">\nA abertura oficial ser\u00e1 realizada no s\u00e1bado (02\/06), a partir das 19h, na Esta\u00e7\u00e3o Ferrovi\u00e1ria. Mas quem chegar \u00e0 cidade na sexta (1\u00ba) j\u00e1 pode desfrutar de uma pr\u00e9via do S\u00e3o Jo\u00e3o 2018, com apresenta\u00e7\u00f5es nos polos da Esta\u00e7\u00e3o e no s\u00edtio Pau Santo, na Zona Rural \u2013 que recebe a primeira apresenta\u00e7\u00e3o do S\u00e3o Jo\u00e3o na Ro\u00e7a.<\/div>\n<div style=\"background-color: white; border: 0px; margin-bottom: 1.5em; outline: 0px; padding: 0px; text-align: justify; vertical-align: baseline;\">\nNo P\u00e1tio do Forr\u00f3, a festa come\u00e7a tamb\u00e9m no s\u00e1bado (02), com apresenta\u00e7\u00f5es da Orquestra de P\u00edfanos e Maestro Mozart Vieira, da banda Ful\u00f4 de Mandacaru, da cantora paraibana Elba Ramalho e do cantor Jonas Esticado.<\/div>\n<div style=\"background-color: white; border: 0px; margin-bottom: 1.5em; outline: 0px; padding: 0px; text-align: justify; vertical-align: baseline;\">\nPara garantir a seguran\u00e7a, o Centro de Comando e Controle Integrado, que no ano passado registrou uma redu\u00e7\u00e3o de 38% nos \u00edndices de viol\u00eancia, tamb\u00e9m estar\u00e1 funcionado com 45 c\u00e2meras. Os profissionais envolvidos come\u00e7ar\u00e3o a trabalhar j\u00e1 no primeiro dia da festa.<\/div>\n<div style=\"background-color: white; border: 0px; margin-bottom: 1.5em; outline: 0px; padding: 0px; text-align: justify; vertical-align: baseline;\">\nRonaldo Fraga, mais uma vez, assina a Identidade Visual do S\u00e3o Jo\u00e3o. Este ano, a ilustra\u00e7\u00e3o dos dan\u00e7arinos, que fizeram tanto sucesso em 2017, mostrar\u00e1 a quadrilha junina vista de lado e n\u00e3o mais de cima, fazendo uma refer\u00eancia ao Man\u00e9 Gostoso \u2013 boneco t\u00edpico do artesanato caruaruense \u2013 e a uma tesoura que representa a import\u00e2ncia do Polo de Moda do Agreste.<\/div>\n<div style=\"background-color: white; border: 0px; margin-bottom: 1.5em; outline: 0px; padding: 0px; text-align: justify; vertical-align: baseline;\">\nAs comidas t\u00edpicas equivalem aos bonecos gigantes do Carnaval de Olinda. A partir de 2 de junho, toda a cidade estar\u00e1 envolvida com o Festival de Comidas Gigantes que, este ano, trar\u00e1 30 pratos t\u00edpicos da regi\u00e3o. Caruaruenses e visitantes poder\u00e3o se deliciar com pratos gigantes de cuscuz, bolo de milho, p\u00e9 de moleque e munguz\u00e1, entre outros. Al\u00e9m disso, o Polo Gastron\u00f4mico da cidade contempla lugares como o Alto do Moura, Rua da M\u00e1 Fama e a Feira de Artesanato, onde turistas e caruaruenses podem degustar os mais variados pratos regionais.<\/div>\n<div style=\"background-color: white; border: 0px; margin-bottom: 1.5em; outline: 0px; padding: 0px; text-align: justify; vertical-align: baseline;\">\nHomenageados \u2013 A escritora e compositora F\u00e1tima Marcolino; a boleira Maria do Bolo; o colunista social Jotta Lagos; o escritor, historiador e compositor Nelson Barbalho; e o organizador de festas Z\u00e9 Luc\u00eda do Palho\u00e7\u00e3o ser\u00e3o os grandes homenageados deste S\u00e3o Jo\u00e3o (os tr\u00eas \u00faltimos in memoriam).<\/div>\n<div style=\"background-color: white; border: 0px; margin-bottom: 1.5em; outline: 0px; padding: 0px; text-align: justify; vertical-align: baseline;\">\nPolos \u2013 Este ano, a festa ter\u00e1 21 polos. Na zona urbana, s\u00e3o 11 polos. Na rural, o S\u00e3o Jo\u00e3o na Ro\u00e7a vai visitar dez localidades.<\/div>\n<div style=\"background-color: white; border: 0px; margin-bottom: 1.5em; outline: 0px; padding: 0px; vertical-align: baseline;\">\n<\/div>\n<div style=\"text-align: justify;\">\n\u2022 Parque de Eventos Luiz Lua Gonzaga<\/div>\n<p><\/p>\n<div style=\"text-align: justify;\">\n\u2013 Polo Mestre Luiz Gonzaga (P\u00e1tio do Forr\u00f3)<\/div>\n<p><\/p>\n<div style=\"text-align: justify;\">\n\u2013 Polo Mestre Camar\u00e3o<\/div>\n<p><\/p>\n<div style=\"background-color: white; border: 0px; margin-bottom: 1.5em; outline: 0px; padding: 0px; vertical-align: baseline;\">\n<\/div>\n<div style=\"text-align: justify;\">\n\u2022 Esta\u00e7\u00e3o Ferrovi\u00e1ria<\/div>\n<p><\/p>\n<div style=\"text-align: justify;\">\n\u2013 Casa do Forr\u00f3<\/div>\n<p><\/p>\n<div style=\"text-align: justify;\">\n\u2013 Polo do Repente<\/div>\n<p><\/p>\n<div style=\"text-align: justify;\">\n\u2013 Polo Infantil<\/div>\n<p><\/p>\n<div style=\"text-align: justify;\">\n\u2013 Polo Juarez Santiago<\/div>\n<div style=\"text-align: justify;\">\n\u2013 Polo das Quadrilhas<\/div>\n<p><\/p>\n<div style=\"background-color: white; border: 0px; margin-bottom: 1.5em; outline: 0px; padding: 0px; vertical-align: baseline;\">\n<\/div>\n<div style=\"text-align: justify;\">\n\u2022 Alto do Moura<\/div>\n<p><\/p>\n<div style=\"text-align: justify;\">\n\u2013 Polo Mestre Galdino<\/div>\n<p><\/p>\n<div style=\"text-align: justify;\">\n\u2013 Polo Mestre Vitalino<\/p>\n<\/div>\n<p><\/p>\n<div style=\"background-color: white; border: 0px; margin-bottom: 1.5em; outline: 0px; padding: 0px; text-align: justify; vertical-align: baseline;\">\n\u2022 Polo Azul\u00e3o<\/div>\n<div style=\"background-color: white; border: 0px; margin-bottom: 1.5em; outline: 0px; padding: 0px; text-align: justify; vertical-align: baseline;\">\n\u2022 Polo Silvino Mac\u00eado (M\u00e1 Fama)<\/div>\n<div style=\"background-color: white; border: 0px; margin-bottom: 1.5em; outline: 0px; padding: 0px; vertical-align: baseline;\">\n<\/div>\n<div style=\"text-align: justify;\">\n\u2022 S\u00e3o Jo\u00e3o na Ro\u00e7a<\/div>\n<p><\/p>\n<div style=\"text-align: justify;\">\n\u2013 Pau Santo \u2013 1\u00ba\/06<\/div>\n<p><\/p>\n<div style=\"text-align: justify;\">\n\u2013 Rafael \u2013 02\/06<\/div>\n<p><\/p>\n<div style=\"text-align: justify;\">\n\u2013 Ju\u00e1 \u2013 08\/06<\/div>\n<p><\/p>\n<div style=\"text-align: justify;\">\n\u2013 Malhada de Barreiras Queimadas \u2013 09\/06<\/div>\n<div style=\"text-align: justify;\">\n\u2013 Malhada de Pedras \u2013 15\/06<\/div>\n<div style=\"text-align: justify;\">\n\u2013 Peladas \u2013 16\/06<\/div>\n<div style=\"text-align: justify;\">\n\u2013 Cachoeira Seca \u2013 22\/06<\/div>\n<div style=\"text-align: justify;\">\n\u2013 Xicuru \u2013 23\/06<\/div>\n<div style=\"text-align: justify;\">\n\u2013 Terra Vermelha \u2013 29\/06<\/div>\n<div style=\"text-align: justify;\">\n\u2013 Gon\u00e7alves Ferreira \u2013 30\/06<\/div>\n<p><\/p>\n<div style=\"background-color: white; border: 0px; margin-bottom: 1.5em; outline: 0px; padding: 0px; vertical-align: baseline;\">\n<\/div>\n<div style=\"text-align: justify;\">\nAtra\u00e7\u00f5es do P\u00e1tio de Eventos Luiz Gonzaga:<\/div>\n<p><\/p>\n<div class=\"separator\" style=\"clear: both; text-align: justify;\">\n<b>S\u00e1bado (02) &#8211;<\/b> Orquestra de P\u00edfanos, Elba Ramalho, Ful\u00f4 de Mandacaru e Jonas Esticado<\/div>\n<div class=\"separator\" style=\"clear: both; text-align: justify;\">\n<\/div>\n<div class=\"separator\" style=\"clear: both; text-align: justify;\">\n<b>Domingo (03) &#8211;<\/b> Chambinho do Arcodeon, Geraldo Azevedo, Alcymar Monteiro<\/div>\n<div class=\"separator\" style=\"clear: both; text-align: justify;\">\n<\/div>\n<div class=\"separator\" style=\"clear: both; text-align: justify;\">\n<b>Quinta-feira (07) &#8211;<\/b>&nbsp;Noite Gospel<\/div>\n<div class=\"separator\" style=\"clear: both; text-align: justify;\">\n<\/div>\n<div class=\"separator\" style=\"clear: both; text-align: justify;\">\n<b>Sexta-feira (08) &#8211;&nbsp;<\/b>&nbsp;Adelm\u00e1rio Coelho, Cavaleiros do Forr\u00f3, Avine Vinny, Fl\u00e1vio Jos\u00e9<\/div>\n<div class=\"separator\" style=\"clear: both; text-align: justify;\">\n<\/div>\n<div class=\"separator\" style=\"clear: both; text-align: justify;\">\n<b>S\u00e1bado (09) &#8211;<\/b>&nbsp;Geraldo Cardoso, Avi\u00f5es, Azul\u00e3o e Azulinho, Jorge de Altinho<\/div>\n<div class=\"separator\" style=\"clear: both; text-align: justify;\">\n<\/div>\n<div class=\"separator\" style=\"clear: both; text-align: justify;\">\n<b>Domingo (10) &#8211;&nbsp;<\/b>&nbsp;Alok, Magn\u00edficos, Santana<\/div>\n<div class=\"separator\" style=\"clear: both; text-align: justify;\">\n<\/div>\n<div class=\"separator\" style=\"clear: both; text-align: justify;\">\n<b>Ter\u00e7a-feira (12) &#8211;<\/b>&nbsp; Luan Estilizado, Capim com Mel, Lucy Alves&nbsp;<\/div>\n<div class=\"separator\" style=\"clear: both; text-align: justify;\">\n<\/div>\n<div class=\"separator\" style=\"clear: both; text-align: justify;\">\n<b>Quinta-feira (14) &#8211;&nbsp;<\/b>Comemora\u00e7\u00e3o dos 70 anos da Diocese de Caruaru\/ Show com Thiago Brado&nbsp;<\/div>\n<div class=\"separator\" style=\"clear: both; text-align: justify;\">\n<\/div>\n<div class=\"separator\" style=\"clear: both; text-align: justify;\">\n<b>Sexta-feira (15) &#8211;<\/b> Gleydson Henrique, Batista Lima, Luan Santana e Geraldinho Lins<\/div>\n<div class=\"separator\" style=\"clear: both; text-align: justify;\">\n<\/div>\n<div class=\"separator\" style=\"clear: both; text-align: justify;\">\n<b>S\u00e1bado (16) &#8211;&nbsp;<\/b>Caruaru Forr\u00f3, Gustavo Mioto, Israel Novaes, Gabriel Diniz&nbsp;<\/div>\n<div class=\"separator\" style=\"clear: both; text-align: justify;\">\n<\/div>\n<div class=\"separator\" style=\"clear: both; text-align: justify;\">\n<b>Domingo (17) &#8211;&nbsp;<\/b>Wesley Safad\u00e3o, Novinho da Para\u00edba, Tayrone Cigano<\/div>\n<div class=\"separator\" style=\"clear: both; text-align: justify;\">\n<\/div>\n<div class=\"separator\" style=\"clear: both; text-align: justify;\">\n<b>Quinta-feira (21) &#8211;<\/b>&nbsp;Juc\u00e9lio Vilela, Marlene Vilela, Marlene do Forr\u00f3, Joana Ang\u00e9lica, Banda Cheiro da Terra, Maciel Melo, Maiara e Mara\u00edsa, Felip\u00e3o<\/div>\n<div class=\"separator\" style=\"clear: both; text-align: justify;\">\n<\/div>\n<div class=\"separator\" style=\"clear: both; text-align: justify;\">\n<b>Sexta-feira (22) &#8211;&nbsp;<\/b>Lucas Costa, John Gera\u00e7\u00e3o, Matheus e Kauan, Petr\u00facio Amorim&nbsp;<\/div>\n<div class=\"separator\" style=\"clear: both; text-align: justify;\">\n<\/div>\n<div class=\"separator\" style=\"clear: both; text-align: justify;\">\n<b>S\u00e1bado (23) &#8211;<\/b>&nbsp;Irah Caldeira, Valdir Santos, Pedrinho Pega\u00e7\u00e3o&nbsp;<\/div>\n<div class=\"separator\" style=\"clear: both; text-align: justify;\">\n<\/div>\n<div class=\"separator\" style=\"clear: both; text-align: justify;\">\n<b>Domingo (24) &#8211; <\/b>Elifas J\u00fanior, Cistina Amaral, Michel Tel\u00f3, Sai Rodada&nbsp;<\/div>\n<div class=\"separator\" style=\"clear: both; text-align: justify;\">\n<\/div>\n<div class=\"separator\" style=\"clear: both; text-align: justify;\">\n<b>Quinta-feira (28) &#8211;&nbsp;<\/b>Dorgival Dantas, Mano Walter, L\u00e9o Santana&nbsp;<\/div>\n<div class=\"separator\" style=\"clear: both; text-align: justify;\">\n<\/div>\n<div class=\"separator\" style=\"clear: both; text-align: justify;\">\n<b>Sexta-feira (29) &#8211; <\/b>Brasas do Forr\u00f3, Alceu Valen\u00e7a, Solteir\u00f5es<\/div>\n<div class=\"separator\" style=\"clear: both; text-align: justify;\">\n<\/div>\n<div class=\"separator\" style=\"clear: both; text-align: justify;\">\n<b>S\u00e1bado (30) &#8211;&nbsp;<\/b>Benil, Eliane, Forr\u00f3 do Mu\u00eddo<\/div>\n","protected":false},"excerpt":{"rendered":"<p>De 1\u00ba a 30 de junho, Caruaru ter\u00e1 22 dias de festa, espalhada por 21 polos de anima\u00e7\u00e3o.&nbsp; A abertura&hellip;<\/p>\n","protected":false},"author":1,"featured_media":0,"comment_status":"open","ping_status":"open","sticky":false,"template":"","format":"standard","meta":{"footnotes":""},"categories":[1],"tags":[2,2842,6],"class_list":["post-2595","post","type-post","status-publish","format-standard","hentry","category-sem-categoria","tag-blog-do-edvaldo-magalhaes","tag-confira-as-atracoes-do-sao-joao-2018-de-caruaru","tag-noticias"],"_links":{"self":[{"href":"https:\/\/blogdoedvaldomagalhaes.com.br\/index.php\/wp-json\/wp\/v2\/posts\/2595","targetHints":{"allow":["GET"]}}],"collection":[{"href":"https:\/\/blogdoedvaldomagalhaes.com.br\/index.php\/wp-json\/wp\/v2\/posts"}],"about":[{"href":"https:\/\/blogdoedvaldomagalhaes.com.br\/index.php\/wp-json\/wp\/v2\/types\/post"}],"author":[{"embeddable":true,"href":"https:\/\/blogdoedvaldomagalhaes.com.br\/index.php\/wp-json\/wp\/v2\/users\/1"}],"replies":[{"embeddable":true,"href":"https:\/\/blogdoedvaldomagalhaes.com.br\/index.php\/wp-json\/wp\/v2\/comments?post=2595"}],"version-history":[{"count":1,"href":"https:\/\/blogdoedvaldomagalhaes.com.br\/index.php\/wp-json\/wp\/v2\/posts\/2595\/revisions"}],"predecessor-version":[{"id":30192,"href":"https:\/\/blogdoedvaldomagalhaes.com.br\/index.php\/wp-json\/wp\/v2\/posts\/2595\/revisions\/30192"}],"wp:attachment":[{"href":"https:\/\/blogdoedvaldomagalhaes.com.br\/index.php\/wp-json\/wp\/v2\/media?parent=2595"}],"wp:term":[{"taxonomy":"category","embeddable":true,"href":"https:\/\/blogdoedvaldomagalhaes.com.br\/index.php\/wp-json\/wp\/v2\/categories?post=2595"},{"taxonomy":"post_tag","embeddable":true,"href":"https:\/\/blogdoedvaldomagalhaes.com.br\/index.php\/wp-json\/wp\/v2\/tags?post=2595"}],"curies":[{"name":"wp","href":"https:\/\/api.w.org\/{rel}","templated":true}]}}