{"id":2594,"date":"2018-04-26T23:17:00","date_gmt":"2018-04-27T02:17:00","guid":{"rendered":"http:\/\/blogdoedvaldomagalhaes.com.br\/index.php\/2018\/04\/26\/prf-realiza-operacao-dia-do-trabalhador\/"},"modified":"2019-02-09T02:11:07","modified_gmt":"2019-02-09T04:11:07","slug":"prf-realiza-operacao-dia-do-trabalhador","status":"publish","type":"post","link":"https:\/\/blogdoedvaldomagalhaes.com.br\/index.php\/2018\/04\/26\/prf-realiza-operacao-dia-do-trabalhador\/","title":{"rendered":"PRF realiza Opera\u00e7\u00e3o Dia do Trabalhador em Pernambuco a partir desta sexta-feira"},"content":{"rendered":"<div class=\"separator\" style=\"clear: both; text-align: center;\">\n<a href=\"https:\/\/2.bp.blogspot.com\/-tP--l-WY5_s\/WuJeDud2i5I\/AAAAAAAAvZo\/GH-SUAPOhOowK2BBinrwBVs0tNmpHM9dQCLcBGAs\/s1600\/prf.jpeg\" imageanchor=\"1\" style=\"margin-left: 1em; margin-right: 1em;\"><img loading=\"lazy\" decoding=\"async\" border=\"0\" data-original-height=\"768\" data-original-width=\"1024\" height=\"474\" src=\"http:\/\/blogdoedvaldomagalhaes.com.br\/wp-content\/uploads\/2018\/04\/prf-1.jpeg\" width=\"640\" \/><\/a><\/div>\n<div class=\"separator\" style=\"clear: both; text-align: center;\">\nFoto: PRF\/Divulga\u00e7\u00e3o<\/div>\n<div style=\"background-color: white; box-sizing: border-box; line-height: 24px; margin-bottom: 10px; text-align: justify;\">\n<\/div>\n<div style=\"background-color: white; box-sizing: border-box; line-height: 24px; margin-bottom: 10px; text-align: justify;\">\nA Pol\u00edcia Rodovi\u00e1ria Federal (PRF) realiza, a partir desta sexta-feira (27), a Opera\u00e7\u00e3o Dia do Trabalhador, que vai refor\u00e7ar a fiscaliza\u00e7\u00e3o, o policiamento e as a\u00e7\u00f5es educativas nas rodovias federais de Pernambuco. A a\u00e7\u00e3o, que segue at\u00e9 a meia-noite de ter\u00e7a-feira, 1\u00ba de maio, visa reduzir acidentes graves, que resultam em feridos ou mortes no tr\u00e2nsito.<\/div>\n<div style=\"background-color: white; box-sizing: border-box; line-height: 24px; margin-bottom: 10px; text-align: justify;\">\nEm virtude do feriado prolongado, a movimenta\u00e7\u00e3o de ve\u00edculos deve aumentar na BR-232, que leva ao Agreste e Sert\u00e3o de Pernambuco, bem como na BR-101, que leva ao litoral do Estado. A previs\u00e3o \u00e9 que 95 mil ve\u00edculos sigam em dire\u00e7\u00e3o ao litoral Sul.<\/div>\n<div style=\"background-color: white; box-sizing: border-box; line-height: 24px; margin-bottom: 10px; text-align: justify;\">\nA fiscaliza\u00e7\u00e3o ter\u00e1 como foco coibir as infra\u00e7\u00f5es que podem resultar em v\u00edtimas graves, como as ultrapassagens indevidas, a ingest\u00e3o de \u00e1lcool pelo motorista, o uso irregular de motocicletas e o excesso de velocidade.<\/div>\n<div style=\"background-color: white; box-sizing: border-box; line-height: 24px; margin-bottom: 10px; text-align: justify;\">\nO uso dos equipamentos de seguran\u00e7a tamb\u00e9m ser\u00e1 verificado, como o capacete, o cinto de seguran\u00e7a para todos os ocupantes do ve\u00edculo e os dispositivos de reten\u00e7\u00e3o para crian\u00e7as (beb\u00ea conforto, cadeirinha e assento de eleva\u00e7\u00e3o).<\/div>\n<div style=\"background-color: white; box-sizing: border-box; line-height: 24px; margin-bottom: 10px; text-align: justify;\">\nO Grupo de Fiscaliza\u00e7\u00e3o de Tr\u00e2nsito e Transporte estar\u00e1 atuando com foco nos ve\u00edculos de carga. Nas abordagens ser\u00e3o fiscalizados o excesso de peso, a conserva\u00e7\u00e3o e documenta\u00e7\u00e3o dos ve\u00edculos, os equipamentos obrigat\u00f3rios e o cumprimento da Lei do Descanso do motorista.<\/div>\n<div style=\"background-color: white; box-sizing: border-box; line-height: 24px; margin-bottom: 10px; text-align: justify;\">\nO policiamento contar\u00e1 com o apoio de n\u00facleos especializados de combate ao crime, que atuar\u00e3o de forma preventiva e repressiva, para evitar assaltos, porte ilegal de arma, recepta\u00e7\u00e3o de ve\u00edculos roubados e tr\u00e1fico de drogas.<\/div>\n","protected":false},"excerpt":{"rendered":"<p>Foto: PRF\/Divulga\u00e7\u00e3o A Pol\u00edcia Rodovi\u00e1ria Federal (PRF) realiza, a partir desta sexta-feira (27), a Opera\u00e7\u00e3o Dia do Trabalhador, que vai&hellip;<\/p>\n","protected":false},"author":1,"featured_media":0,"comment_status":"open","ping_status":"open","sticky":false,"template":"","format":"standard","meta":{"footnotes":""},"categories":[1],"tags":[2,13,2841],"class_list":["post-2594","post","type-post","status-publish","format-standard","hentry","category-sem-categoria","tag-blog-do-edvaldo-magalhaes","tag-policial","tag-prf-realiza-operacao-dia-do-trabalhador-em-pernambuco-a-partir-desta-sexta-feira"],"_links":{"self":[{"href":"https:\/\/blogdoedvaldomagalhaes.com.br\/index.php\/wp-json\/wp\/v2\/posts\/2594","targetHints":{"allow":["GET"]}}],"collection":[{"href":"https:\/\/blogdoedvaldomagalhaes.com.br\/index.php\/wp-json\/wp\/v2\/posts"}],"about":[{"href":"https:\/\/blogdoedvaldomagalhaes.com.br\/index.php\/wp-json\/wp\/v2\/types\/post"}],"author":[{"embeddable":true,"href":"https:\/\/blogdoedvaldomagalhaes.com.br\/index.php\/wp-json\/wp\/v2\/users\/1"}],"replies":[{"embeddable":true,"href":"https:\/\/blogdoedvaldomagalhaes.com.br\/index.php\/wp-json\/wp\/v2\/comments?post=2594"}],"version-history":[{"count":1,"href":"https:\/\/blogdoedvaldomagalhaes.com.br\/index.php\/wp-json\/wp\/v2\/posts\/2594\/revisions"}],"predecessor-version":[{"id":30194,"href":"https:\/\/blogdoedvaldomagalhaes.com.br\/index.php\/wp-json\/wp\/v2\/posts\/2594\/revisions\/30194"}],"wp:attachment":[{"href":"https:\/\/blogdoedvaldomagalhaes.com.br\/index.php\/wp-json\/wp\/v2\/media?parent=2594"}],"wp:term":[{"taxonomy":"category","embeddable":true,"href":"https:\/\/blogdoedvaldomagalhaes.com.br\/index.php\/wp-json\/wp\/v2\/categories?post=2594"},{"taxonomy":"post_tag","embeddable":true,"href":"https:\/\/blogdoedvaldomagalhaes.com.br\/index.php\/wp-json\/wp\/v2\/tags?post=2594"}],"curies":[{"name":"wp","href":"https:\/\/api.w.org\/{rel}","templated":true}]}}