{"id":2593,"date":"2018-04-26T23:21:00","date_gmt":"2018-04-27T02:21:00","guid":{"rendered":"http:\/\/blogdoedvaldomagalhaes.com.br\/index.php\/2018\/04\/26\/paulo-camara-abre-encontro-de-educacao\/"},"modified":"2019-02-09T02:11:08","modified_gmt":"2019-02-09T04:11:08","slug":"paulo-camara-abre-encontro-de-educacao","status":"publish","type":"post","link":"https:\/\/blogdoedvaldomagalhaes.com.br\/index.php\/2018\/04\/26\/paulo-camara-abre-encontro-de-educacao\/","title":{"rendered":"Paulo C\u00e2mara abre encontro de educa\u00e7\u00e3o e assina ordem de servi\u00e7o da adutora de Serro Azul em Caruaru"},"content":{"rendered":"<div class=\"separator\" style=\"clear: both; text-align: center;\">\n<a href=\"https:\/\/4.bp.blogspot.com\/-PToqJDiIE8o\/WuJedjGQ2bI\/AAAAAAAAvZw\/CWkBA0bpN0wm8SzeoOTV2R9Rm4hU5hafwCLcBGAs\/s1600\/1.jpg\" imageanchor=\"1\" style=\"margin-left: 1em; margin-right: 1em;\"><img loading=\"lazy\" decoding=\"async\" border=\"0\" data-original-height=\"281\" data-original-width=\"500\" height=\"354\" src=\"http:\/\/blogdoedvaldomagalhaes.com.br\/wp-content\/uploads\/2018\/04\/1-15.jpg\" width=\"640\" \/><\/a><\/div>\n<div style=\"background-color: white; box-sizing: border-box; line-height: 24px; margin-bottom: 10px; text-align: justify;\">\n<\/div>\n<div style=\"background-color: white; box-sizing: border-box; line-height: 24px; margin-bottom: 10px; text-align: justify;\">\nA cidade de Caruaru recebeu, nesta quinta-feira (26), a Caravana da Educa\u00e7\u00e3o, da Gerencia Regional de Educa\u00e7\u00e3o (GRE). O evento foi aberto no Col\u00e9gio Nicanor Souto Maior, no bairro Indian\u00f3polis, pelo governador Paulo C\u00e2mara, e o secret\u00e1rio de Educa\u00e7\u00e3o, Fred Am\u00e2ncio. Atividades tamb\u00e9m foram realizadas nas Escolas Arnaldo Assun\u00e7\u00e3o e Elisete Lopes.<\/div>\n<div style=\"background-color: white; box-sizing: border-box; line-height: 24px; margin-bottom: 10px; text-align: justify;\">\n<\/div>\n<div class=\"separator\" style=\"clear: both; text-align: center;\">\n<a href=\"https:\/\/2.bp.blogspot.com\/-0UwxtK7PqDs\/WuJehROJvhI\/AAAAAAAAvZ0\/o6j22MaRhw8QqJMt-B62nLVTWKU1aoscgCLcBGAs\/s1600\/2.jpg\" imageanchor=\"1\" style=\"margin-left: 1em; margin-right: 1em;\"><img loading=\"lazy\" decoding=\"async\" border=\"0\" data-original-height=\"281\" data-original-width=\"500\" height=\"354\" src=\"http:\/\/blogdoedvaldomagalhaes.com.br\/wp-content\/uploads\/2018\/04\/2-12.jpg\" width=\"640\" \/><\/a><\/div>\n<div style=\"background-color: white; box-sizing: border-box; line-height: 24px; margin-bottom: 10px; text-align: justify;\">\n<\/div>\n<div style=\"background-color: white; box-sizing: border-box; line-height: 24px; margin-bottom: 10px; text-align: justify;\">\nO \u00faltimo compromisso do governador foi no Senac, onde assinou a ordem de servi\u00e7o da adutora de Serro Azul. A obra visa melhorar o abastecimento de \u00e1gua no Agreste. A previs\u00e3o de conclus\u00e3o.<\/div>\n<div class=\"separator\" style=\"clear: both; text-align: center;\">\n<a href=\"https:\/\/2.bp.blogspot.com\/-rcuwYI4ChVs\/WuJemBeIvLI\/AAAAAAAAvZ4\/nY_mHkxD0p8DDNAGZuVC6NiSsSuBEFHZwCLcBGAs\/s1600\/3.jpg\" imageanchor=\"1\" style=\"margin-left: 1em; margin-right: 1em;\"><img loading=\"lazy\" decoding=\"async\" border=\"0\" data-original-height=\"281\" data-original-width=\"500\" height=\"354\" src=\"http:\/\/blogdoedvaldomagalhaes.com.br\/wp-content\/uploads\/2018\/04\/3-9.jpg\" width=\"640\" \/><\/a><\/div>\n<div style=\"background-color: white; box-sizing: border-box; line-height: 24px; margin-bottom: 10px; text-align: justify;\">\n<\/div>\n<div style=\"background-color: white; box-sizing: border-box; line-height: 24px; margin-bottom: 10px; text-align: justify;\">\nEntre os pol\u00edticos presentes \u00e0 solenidade, a prefeita de Caruaru, Raquel Lyra, o ex-prefeito Jos\u00e9 Queiroz, deputado federal Andr\u00e9 de Paula e os deputados estaduais Laura Gomes e Tony Gel, que lembrou da Barragem de Jucazinho em seu discurso.<\/div>\n<div style=\"background-color: white; box-sizing: border-box; line-height: 24px; margin-bottom: 10px; text-align: justify;\">\nFonte: R\u00e1dio Liberdade.<\/div>\n","protected":false},"excerpt":{"rendered":"<p>A cidade de Caruaru recebeu, nesta quinta-feira (26), a Caravana da Educa\u00e7\u00e3o, da Gerencia Regional de Educa\u00e7\u00e3o (GRE). O evento&hellip;<\/p>\n","protected":false},"author":1,"featured_media":0,"comment_status":"open","ping_status":"open","sticky":false,"template":"","format":"standard","meta":{"footnotes":""},"categories":[1],"tags":[2,2840,20],"class_list":["post-2593","post","type-post","status-publish","format-standard","hentry","category-sem-categoria","tag-blog-do-edvaldo-magalhaes","tag-paulo-camara-abre-encontro-de-educacao-e-assina-ordem-de-servico-da-adutora-de-serro-azul-em-caruaru","tag-politica"],"_links":{"self":[{"href":"https:\/\/blogdoedvaldomagalhaes.com.br\/index.php\/wp-json\/wp\/v2\/posts\/2593","targetHints":{"allow":["GET"]}}],"collection":[{"href":"https:\/\/blogdoedvaldomagalhaes.com.br\/index.php\/wp-json\/wp\/v2\/posts"}],"about":[{"href":"https:\/\/blogdoedvaldomagalhaes.com.br\/index.php\/wp-json\/wp\/v2\/types\/post"}],"author":[{"embeddable":true,"href":"https:\/\/blogdoedvaldomagalhaes.com.br\/index.php\/wp-json\/wp\/v2\/users\/1"}],"replies":[{"embeddable":true,"href":"https:\/\/blogdoedvaldomagalhaes.com.br\/index.php\/wp-json\/wp\/v2\/comments?post=2593"}],"version-history":[{"count":1,"href":"https:\/\/blogdoedvaldomagalhaes.com.br\/index.php\/wp-json\/wp\/v2\/posts\/2593\/revisions"}],"predecessor-version":[{"id":30198,"href":"https:\/\/blogdoedvaldomagalhaes.com.br\/index.php\/wp-json\/wp\/v2\/posts\/2593\/revisions\/30198"}],"wp:attachment":[{"href":"https:\/\/blogdoedvaldomagalhaes.com.br\/index.php\/wp-json\/wp\/v2\/media?parent=2593"}],"wp:term":[{"taxonomy":"category","embeddable":true,"href":"https:\/\/blogdoedvaldomagalhaes.com.br\/index.php\/wp-json\/wp\/v2\/categories?post=2593"},{"taxonomy":"post_tag","embeddable":true,"href":"https:\/\/blogdoedvaldomagalhaes.com.br\/index.php\/wp-json\/wp\/v2\/tags?post=2593"}],"curies":[{"name":"wp","href":"https:\/\/api.w.org\/{rel}","templated":true}]}}