{"id":2592,"date":"2018-04-26T23:23:00","date_gmt":"2018-04-27T02:23:00","guid":{"rendered":"http:\/\/blogdoedvaldomagalhaes.com.br\/index.php\/2018\/04\/26\/central-contrata-mais-um-atacante-e\/"},"modified":"2019-02-09T02:11:08","modified_gmt":"2019-02-09T04:11:08","slug":"central-contrata-mais-um-atacante-e","status":"publish","type":"post","link":"https:\/\/blogdoedvaldomagalhaes.com.br\/index.php\/2018\/04\/26\/central-contrata-mais-um-atacante-e\/","title":{"rendered":"Central contrata mais um atacante e define pre\u00e7os de ingressos para o jogo de domingo"},"content":{"rendered":"<h2 itemprop=\"headline\" style=\"background-color: white; box-sizing: border-box; line-height: 1.1; margin: 20px 0px 15px;\">\n<div class=\"separator\" style=\"clear: both; text-align: center;\">\n<a href=\"https:\/\/4.bp.blogspot.com\/-cf-2FpY9qco\/WuJfLBRfptI\/AAAAAAAAvaI\/FMyFna3yWvkLQ3Rx4CUqU-y-IKthbBcsACLcBGAs\/s1600\/central.jpg\" imageanchor=\"1\" style=\"margin-left: 1em; margin-right: 1em;\"><img loading=\"lazy\" decoding=\"async\" border=\"0\" data-original-height=\"361\" data-original-width=\"500\" height=\"462\" src=\"http:\/\/blogdoedvaldomagalhaes.com.br\/wp-content\/uploads\/2018\/04\/central-5.jpg\" width=\"640\" \/><\/a><\/div>\n<div style=\"box-sizing: border-box; font-weight: 400; line-height: 24px; margin-bottom: 10px; text-align: justify;\">\n<\/div>\n<div style=\"box-sizing: border-box; font-weight: 400; line-height: 24px; margin-bottom: 10px; text-align: justify;\">\nO Central anunciou nesta quinta-feira (26) a contrata\u00e7\u00e3o do atacante Vin\u00edcius Paquet\u00e1, 28 anos. Ele \u00e9 natural do Rio de Janeiro e vem refor\u00e7ar a Patativa na S\u00e9rie D do Campeonato Brasileiro.<\/div>\n<div style=\"box-sizing: border-box; font-weight: 400; line-height: 24px; margin-bottom: 10px; text-align: justify;\">\nO atleta j\u00e1 jogou no Flamengo, Vasco da Gama, Portimonense (POR), Mar\u00edlia, Joseense (SP), Goytacaz, America, Sampaio Corr\u00eaa-RJ, Icasa, Campos Atl\u00e9tico (RJ) e Moto Club (MA) e Nova Igua\u00e7u\/RJ.<\/div>\n<div style=\"box-sizing: border-box; font-weight: 400; line-height: 24px; margin-bottom: 10px; text-align: justify;\">\n<strong style=\"box-sizing: border-box;\">Ingressos<\/strong><\/div>\n<div style=\"box-sizing: border-box; font-weight: 400; line-height: 24px; margin-bottom: 10px; text-align: justify;\">\nDefinidos os pre\u00e7os dos ingressos para a partida entre Central x Sergipe, domingo (29), no Lacerd\u00e3o, \u00e0s 16h, pela segunda rodada do grupo A7 da S\u00e9rie D do Brasileir\u00e3o.<\/div>\n<div style=\"box-sizing: border-box; font-weight: 400; line-height: 24px; margin-bottom: 10px; text-align: justify;\">\nArquibancada: R$ 20.00; s\u00f3cio\/estudante\/idoso: R$ 10.00; cadeira: R$ 40.00; s\u00f3cio-cadeira:$ 20.00. A venda come\u00e7a \u00e0s 9h deste s\u00e1bado (28), na bilheteria do Lacerd\u00e3o.<\/div>\n<div style=\"box-sizing: border-box; color: black; font-family: Lato, sans-serif; font-size: 13px; font-weight: 400; line-height: 24px; margin-bottom: 10px;\">\n<\/div>\n<\/h2>\n","protected":false},"excerpt":{"rendered":"<p>O Central anunciou nesta quinta-feira (26) a contrata\u00e7\u00e3o do atacante Vin\u00edcius Paquet\u00e1, 28 anos. Ele \u00e9 natural do Rio de&hellip;<\/p>\n","protected":false},"author":1,"featured_media":0,"comment_status":"open","ping_status":"open","sticky":false,"template":"","format":"standard","meta":{"footnotes":""},"categories":[1],"tags":[2,2838,3,2839],"class_list":["post-2592","post","type-post","status-publish","format-standard","hentry","category-sem-categoria","tag-blog-do-edvaldo-magalhaes","tag-central-contrata-mais-um-atacante-e-define-precos-de-ingressos-para-o-jogo-de-domingo","tag-futebol","tag-vinicius-paqueta"],"_links":{"self":[{"href":"https:\/\/blogdoedvaldomagalhaes.com.br\/index.php\/wp-json\/wp\/v2\/posts\/2592","targetHints":{"allow":["GET"]}}],"collection":[{"href":"https:\/\/blogdoedvaldomagalhaes.com.br\/index.php\/wp-json\/wp\/v2\/posts"}],"about":[{"href":"https:\/\/blogdoedvaldomagalhaes.com.br\/index.php\/wp-json\/wp\/v2\/types\/post"}],"author":[{"embeddable":true,"href":"https:\/\/blogdoedvaldomagalhaes.com.br\/index.php\/wp-json\/wp\/v2\/users\/1"}],"replies":[{"embeddable":true,"href":"https:\/\/blogdoedvaldomagalhaes.com.br\/index.php\/wp-json\/wp\/v2\/comments?post=2592"}],"version-history":[{"count":1,"href":"https:\/\/blogdoedvaldomagalhaes.com.br\/index.php\/wp-json\/wp\/v2\/posts\/2592\/revisions"}],"predecessor-version":[{"id":30200,"href":"https:\/\/blogdoedvaldomagalhaes.com.br\/index.php\/wp-json\/wp\/v2\/posts\/2592\/revisions\/30200"}],"wp:attachment":[{"href":"https:\/\/blogdoedvaldomagalhaes.com.br\/index.php\/wp-json\/wp\/v2\/media?parent=2592"}],"wp:term":[{"taxonomy":"category","embeddable":true,"href":"https:\/\/blogdoedvaldomagalhaes.com.br\/index.php\/wp-json\/wp\/v2\/categories?post=2592"},{"taxonomy":"post_tag","embeddable":true,"href":"https:\/\/blogdoedvaldomagalhaes.com.br\/index.php\/wp-json\/wp\/v2\/tags?post=2592"}],"curies":[{"name":"wp","href":"https:\/\/api.w.org\/{rel}","templated":true}]}}