{"id":2591,"date":"2018-04-26T23:31:00","date_gmt":"2018-04-27T02:31:00","guid":{"rendered":"http:\/\/blogdoedvaldomagalhaes.com.br\/index.php\/2018\/04\/26\/comite-divulga-programacao-do-maio\/"},"modified":"2019-02-09T02:11:08","modified_gmt":"2019-02-09T04:11:08","slug":"comite-divulga-programacao-do-maio","status":"publish","type":"post","link":"https:\/\/blogdoedvaldomagalhaes.com.br\/index.php\/2018\/04\/26\/comite-divulga-programacao-do-maio\/","title":{"rendered":"Comit\u00ea divulga programa\u00e7\u00e3o do Maio Amarelo em Caruaru"},"content":{"rendered":"<div class=\"separator\" style=\"clear: both; text-align: center;\">\n<a href=\"https:\/\/3.bp.blogspot.com\/-vMrGhQLUOXs\/WuJhYz2cLqI\/AAAAAAAAvaU\/W-02F_P9mzEhOWWVNgKIXvsi6VnoSXzqgCLcBGAs\/s1600\/comite.jpg\" imageanchor=\"1\" style=\"margin-left: 1em; margin-right: 1em;\"><img loading=\"lazy\" decoding=\"async\" border=\"0\" data-original-height=\"635\" data-original-width=\"750\" height=\"540\" src=\"http:\/\/blogdoedvaldomagalhaes.com.br\/wp-content\/uploads\/2018\/04\/comite.jpg\" width=\"640\" \/><\/a><\/div>\n<div style=\"text-align: justify;\">\n<\/div>\n<div style=\"text-align: justify;\">\nPela primeira vez em Caruaru foi criado o \u201cComit\u00ea Maio Amarelo 2018\u201d, em alus\u00e3o ao movimento internacional de conscientiza\u00e7\u00e3o para a redu\u00e7\u00e3o dos acidentes de tr\u00e2nsito e que surgiu com uma s\u00f3 proposta: chamar a aten\u00e7\u00e3o da sociedade para o alto \u00edndice de mortes e feridos no tr\u00e2nsito em todo o mundo. A ideia \u00e9 mobilizar os mais diversos segmento: \u00f3rg\u00e3os de governos, empresas, entidades de classe, associa\u00e7\u00f5es, e sociedade civil organizada para discutir o tema. Esse ano o tema \u00e9: \u201cN\u00f3s somos o Tr\u00e2nsito\u201d.<\/div>\n<div style=\"text-align: justify;\">\n<\/div>\n<div style=\"text-align: justify;\">\nEm maio de 2011 a ONU decretou a d\u00e9cada de a\u00e7\u00e3o para a seguran\u00e7a no tr\u00e2nsito. O amarelo foi escolhido pois simboliza a aten\u00e7\u00e3o e tamb\u00e9m a sinaliza\u00e7\u00e3o de advert\u00eancia no tr\u00e2nsito. Vale ressaltar que o Maio Amarelo, como o pr\u00f3prio nome traduz, \u00e9 um movimento, uma a\u00e7\u00e3o, n\u00e3o uma campanha, ou seja, cada cidad\u00e3o, entidade ou empresa pode utilizar o la\u00e7o do \u201cMaio Amarelo\u201d em suas a\u00e7\u00f5es de conscientiza\u00e7\u00e3o tano no m\u00eas de maio, quanto, na medida do poss\u00edvel, durante o ano inteiro.<\/div>\n<div style=\"text-align: justify;\">\n<\/div>\n<div style=\"text-align: justify;\">\nO Comit\u00ea em Caruaru \u00e9 formado pela TV Asa Branca, R\u00e1dios Liberdade, SINDLOJA, DETRAN, LEI SECA, BIESP, PRF, 4\u00ba BPM, OAB, SEST-SENAT, GRE (Ger\u00eancia Regional de Educa\u00e7\u00e3o), IV GERES, Capital do Agreste, UNINASSAU, UNIFAVIP, ASCES, APODEC e Pedala PE. A programa\u00e7\u00e3o foi elaborada pensando em v\u00e1rias tem\u00e1ticas da Educa\u00e7\u00e3o no Tr\u00e2nsito e ser\u00e1 lan\u00e7ada oficialmente na pr\u00f3xima quarta-feira, dia 2 de Maio, \u00e0s 10hs, no SINDLOJA.<\/div>\n<div style=\"text-align: justify;\">\n<\/div>\n<div style=\"text-align: justify;\">\n<b>Programa\u00e7\u00e3o do Comit\u00ea Maio Amarelo 2018 Caruaru:<\/b><\/p>\n<p>02 de Maio (Quarta-Feira) \u2013 Abertura: 10hs. Local: SINDLOJA.<\/p><\/div>\n<div style=\"text-align: justify;\">\n<\/div>\n<div style=\"text-align: justify;\">\nMesa de Debate com todos os \u00f3rg\u00e3os participantes, apresenta\u00e7\u00e3o do Calend\u00e1rio Completo e explana\u00e7\u00e3o de Fl\u00e1vio Silva (GRE), explicando o Concurso: \u201cMaio Amarelo em Palavras\u201d.<\/div>\n<div style=\"text-align: justify;\">\n<\/div>\n<div style=\"text-align: justify;\">\n02 de Maio (Quarta-Feira) \u2013 Mesa de Debate &#8211; 19h. Local: Unifavip Wyden.<\/div>\n<div style=\"text-align: justify;\">\n<\/div>\n<div style=\"text-align: justify;\">\n03 de Maio (Quinta-Feira) \u2013 Palestras Educativas: 9hs. \/ 13h30. ETE (Escola T\u00e9cnica Estadual);<\/div>\n<div style=\"text-align: justify;\">\n<\/div>\n<div style=\"text-align: justify;\">\n04 de Maio (Sexta-Feira) \u2013 Palestras Educativas: 9hs. \/ 13h30. Col\u00e9gio Padre Zacarias.<\/div>\n<div style=\"text-align: justify;\">\n<\/div>\n<div style=\"text-align: justify;\">\n05 de Maio (S\u00e1bado) \u2013 Blitz Educativa com a presen\u00e7a de todos os \u00d3rg\u00e3os do Comit\u00ea Maio Amarelo. 10hs. Local: Antigo Giradouro Major Clementino.<\/div>\n<div style=\"text-align: justify;\">\n<\/div>\n<div style=\"text-align: justify;\">\n08 de Maio (Ter\u00e7a-Feira) \u2013 Mesa de Debate: 19h. Local: OAB Caruaru.<\/div>\n<div style=\"text-align: justify;\">\n<\/div>\n<div style=\"text-align: justify;\">\n09 de Maio (Quarta-Feira) \u2013 Palestra Educativa: 13h30. Col\u00e9gio Arnaldo Assun\u00e7\u00e3o.<\/div>\n<div style=\"text-align: justify;\">\n<\/div>\n<div style=\"text-align: justify;\">\n09 de Maio (Quarta-Feira) \u2013 Mesa de Debates &#8211; 19h. Local: Uninassau Caruaru.<\/div>\n<div style=\"text-align: justify;\">\n<\/div>\n<div style=\"text-align: justify;\">\n10 de Maio (Quinta-Feira) \u2013 Palestras Educativas: 9hs. Col\u00e9gio Nicanor Souto Maior. \/ 13h30. Col\u00e9gio Dom Miguel de Lima Valverde.<\/div>\n<div style=\"text-align: justify;\">\n<\/div>\n<div style=\"text-align: justify;\">\n16 de Maio (Quarta-Feira) \u2013 Palestra Educativa (Foco: Lei Seca\/Transporte Escolar\/Carona Solid\u00e1ria): 9hs. Col\u00e9gio Diocesano de Caruaru.<\/div>\n<div style=\"text-align: justify;\">\n<\/div>\n<div style=\"text-align: justify;\">\n17 de Maio (Quarta-Feira) \u2013 Palestra Educativa (Foco: Lei Seca\/Transporte Escolar\/Carona Solid\u00e1ria): 9hs. Col\u00e9gio da Rede Privada.<\/div>\n<div style=\"text-align: justify;\">\n<\/div>\n<div style=\"text-align: justify;\">\n18 de Maio (Sexta-Feira) \u2013 Anivers\u00e1rio de Caruaru \u2013 Caminhada Sexteira pelos pontos hist\u00f3ricos do Centro de Caruaru. Sa\u00edda \u00e0s 8hs. Esta\u00e7\u00e3o Ferrovi\u00e1ria.<\/div>\n<div style=\"text-align: justify;\">\n<\/div>\n<div style=\"text-align: justify;\">\n23 de Maio (Quarta-Feira) \u2013 Palestras Educativas: 9hs. Col\u00e9gio Estadual Nelson Barbalho. \/ 13h30. Col\u00e9gio Dom Vital.<\/div>\n<div style=\"text-align: justify;\">\n<\/div>\n<div style=\"text-align: justify;\">\n24 de Maio (Quinta-Feira) \u2013 A\u00e7\u00e3o Educativa no Marco Zero, hor\u00e1rio: 10hs.<\/div>\n<div style=\"text-align: justify;\">\n<\/div>\n<div style=\"text-align: justify;\">\n13h30min: Turma do \u201cFom-fom\u201d no Col\u00e9gio Vicente Monteiro.<\/div>\n<div style=\"text-align: justify;\">\n<\/div>\n<div style=\"text-align: justify;\">\n29 de Maio (Ter\u00e7a-Feira) \u2013 Mesa de Debate &#8211; 19h. Local: Asces Unita.<\/div>\n<div style=\"text-align: justify;\">\n<\/div>\n<div style=\"text-align: justify;\">\n30 de Maio (Quarta-Feira) \u2013 Semin\u00e1rio de Encerramento. 10hs. Local: SEST\/SENAT. Neste dia ser\u00e1 divulgado o vencedor do Concurso: \u201cMaio Amarelo em Palavras\u201d, o vencedor ganhar\u00e1 uma bicicleta.<\/div>\n","protected":false},"excerpt":{"rendered":"<p>Pela primeira vez em Caruaru foi criado o \u201cComit\u00ea Maio Amarelo 2018\u201d, em alus\u00e3o ao movimento internacional de conscientiza\u00e7\u00e3o para&hellip;<\/p>\n","protected":false},"author":1,"featured_media":0,"comment_status":"open","ping_status":"open","sticky":false,"template":"","format":"standard","meta":{"footnotes":""},"categories":[1],"tags":[2,2837,6,2107],"class_list":["post-2591","post","type-post","status-publish","format-standard","hentry","category-sem-categoria","tag-blog-do-edvaldo-magalhaes","tag-comite-divulga-programacao-do-maio-amarelo-em-caruaru","tag-noticias","tag-ultimas-noticias-de-caruaru"],"_links":{"self":[{"href":"https:\/\/blogdoedvaldomagalhaes.com.br\/index.php\/wp-json\/wp\/v2\/posts\/2591","targetHints":{"allow":["GET"]}}],"collection":[{"href":"https:\/\/blogdoedvaldomagalhaes.com.br\/index.php\/wp-json\/wp\/v2\/posts"}],"about":[{"href":"https:\/\/blogdoedvaldomagalhaes.com.br\/index.php\/wp-json\/wp\/v2\/types\/post"}],"author":[{"embeddable":true,"href":"https:\/\/blogdoedvaldomagalhaes.com.br\/index.php\/wp-json\/wp\/v2\/users\/1"}],"replies":[{"embeddable":true,"href":"https:\/\/blogdoedvaldomagalhaes.com.br\/index.php\/wp-json\/wp\/v2\/comments?post=2591"}],"version-history":[{"count":1,"href":"https:\/\/blogdoedvaldomagalhaes.com.br\/index.php\/wp-json\/wp\/v2\/posts\/2591\/revisions"}],"predecessor-version":[{"id":30202,"href":"https:\/\/blogdoedvaldomagalhaes.com.br\/index.php\/wp-json\/wp\/v2\/posts\/2591\/revisions\/30202"}],"wp:attachment":[{"href":"https:\/\/blogdoedvaldomagalhaes.com.br\/index.php\/wp-json\/wp\/v2\/media?parent=2591"}],"wp:term":[{"taxonomy":"category","embeddable":true,"href":"https:\/\/blogdoedvaldomagalhaes.com.br\/index.php\/wp-json\/wp\/v2\/categories?post=2591"},{"taxonomy":"post_tag","embeddable":true,"href":"https:\/\/blogdoedvaldomagalhaes.com.br\/index.php\/wp-json\/wp\/v2\/tags?post=2591"}],"curies":[{"name":"wp","href":"https:\/\/api.w.org\/{rel}","templated":true}]}}