{"id":2588,"date":"2018-04-27T15:37:00","date_gmt":"2018-04-27T18:37:00","guid":{"rendered":"http:\/\/blogdoedvaldomagalhaes.com.br\/index.php\/2018\/04\/27\/onibus-e-assaltado-duas-noites-seguidas\/"},"modified":"2019-02-09T02:11:09","modified_gmt":"2019-02-09T04:11:09","slug":"onibus-e-assaltado-duas-noites-seguidas","status":"publish","type":"post","link":"https:\/\/blogdoedvaldomagalhaes.com.br\/index.php\/2018\/04\/27\/onibus-e-assaltado-duas-noites-seguidas\/","title":{"rendered":"\u00d4nibus \u00e9 assaltado duas noites seguidas no mesmo local em Caruaru"},"content":{"rendered":"<div class=\"separator\" style=\"clear: both; text-align: center;\">\n<a href=\"https:\/\/4.bp.blogspot.com\/-hmQy4faAAlM\/WuNDheDMWvI\/AAAAAAAAvdY\/uNQZNJ63EMw1rmW6NTOZUEqkvOqu1pNcwCLcBGAs\/s1600\/onibus.png\" imageanchor=\"1\" style=\"margin-left: 1em; margin-right: 1em;\"><img loading=\"lazy\" decoding=\"async\" border=\"0\" data-original-height=\"371\" data-original-width=\"597\" height=\"396\" src=\"http:\/\/blogdoedvaldomagalhaes.com.br\/wp-content\/uploads\/2018\/04\/onibus.png\" width=\"640\" \/><\/a><\/div>\n<div class=\"separator\" style=\"clear: both; text-align: center;\">\nImagens de c\u00e2mera de seguran\u00e7a<\/div>\n<div class=\"separator\" style=\"clear: both; text-align: center;\">\n<\/div>\n<div style=\"background-color: white; box-sizing: border-box; line-height: 26px; margin-bottom: 26px; text-align: justify; word-wrap: break-word;\">\nA a\u00e7\u00e3o criminosa foi&nbsp;noite da quinta-feira (26), onde um \u00f4nibus foi assaltado em Caruaru. De acordo com a Pol\u00edcia Militar, o ve\u00edculo passava pela via local da BR- 232, no bairro Posto Agamenon, quando o suspeito entrou e anunciou o assalto. Ele estava armado e pegou o dinheiro que estava com o motorista e os objetos de todos os passageiros.<\/div>\n<div style=\"background-color: white; box-sizing: border-box; line-height: 26px; margin-bottom: 26px; text-align: justify; word-wrap: break-word;\">\nAinda de acordo com a PM, toda a a\u00e7\u00e3o foi gravada pelas c\u00e2meras de seguran\u00e7a do ve\u00edculo. At\u00e9 o momento desta publica\u00e7\u00e3o, o suspeito n\u00e3o havia sido preso.<\/div>\n<div class=\"td-g-rec td-g-rec-id-content_inlineleft \" style=\"background-color: white; box-sizing: border-box; float: left;\">\n<\/div>\n<div style=\"background-color: white; box-sizing: border-box; line-height: 26px; margin-bottom: 26px; text-align: justify; word-wrap: break-word;\">\nSegundo a empresa do \u00f4nibus, foi a segunda noite seguida que um ve\u00edculo da linha foi assaltado pelo mesmo suspeito e da mesma forma. A Delegacia da Pol\u00edcia Civil continuar\u00e1 com as investiga\u00e7\u00f5es.<\/div>\n<div style=\"background-color: white; box-sizing: border-box; line-height: 26px; margin-bottom: 26px; text-align: justify; word-wrap: break-word;\">\nFonte: Portal No Detalhe.<\/div>\n","protected":false},"excerpt":{"rendered":"<p>Imagens de c\u00e2mera de seguran\u00e7a A a\u00e7\u00e3o criminosa foi&nbsp;noite da quinta-feira (26), onde um \u00f4nibus foi assaltado em Caruaru. De&hellip;<\/p>\n","protected":false},"author":1,"featured_media":0,"comment_status":"open","ping_status":"open","sticky":false,"template":"","format":"standard","meta":{"footnotes":""},"categories":[1],"tags":[2,1950,2834,13],"class_list":["post-2588","post","type-post","status-publish","format-standard","hentry","category-sem-categoria","tag-blog-do-edvaldo-magalhaes","tag-noticias-de-caruaru","tag-onibus-e-assaltado-duas-noites-seguidas-no-mesmo-local-em-caruaru","tag-policial"],"_links":{"self":[{"href":"https:\/\/blogdoedvaldomagalhaes.com.br\/index.php\/wp-json\/wp\/v2\/posts\/2588","targetHints":{"allow":["GET"]}}],"collection":[{"href":"https:\/\/blogdoedvaldomagalhaes.com.br\/index.php\/wp-json\/wp\/v2\/posts"}],"about":[{"href":"https:\/\/blogdoedvaldomagalhaes.com.br\/index.php\/wp-json\/wp\/v2\/types\/post"}],"author":[{"embeddable":true,"href":"https:\/\/blogdoedvaldomagalhaes.com.br\/index.php\/wp-json\/wp\/v2\/users\/1"}],"replies":[{"embeddable":true,"href":"https:\/\/blogdoedvaldomagalhaes.com.br\/index.php\/wp-json\/wp\/v2\/comments?post=2588"}],"version-history":[{"count":1,"href":"https:\/\/blogdoedvaldomagalhaes.com.br\/index.php\/wp-json\/wp\/v2\/posts\/2588\/revisions"}],"predecessor-version":[{"id":30210,"href":"https:\/\/blogdoedvaldomagalhaes.com.br\/index.php\/wp-json\/wp\/v2\/posts\/2588\/revisions\/30210"}],"wp:attachment":[{"href":"https:\/\/blogdoedvaldomagalhaes.com.br\/index.php\/wp-json\/wp\/v2\/media?parent=2588"}],"wp:term":[{"taxonomy":"category","embeddable":true,"href":"https:\/\/blogdoedvaldomagalhaes.com.br\/index.php\/wp-json\/wp\/v2\/categories?post=2588"},{"taxonomy":"post_tag","embeddable":true,"href":"https:\/\/blogdoedvaldomagalhaes.com.br\/index.php\/wp-json\/wp\/v2\/tags?post=2588"}],"curies":[{"name":"wp","href":"https:\/\/api.w.org\/{rel}","templated":true}]}}