{"id":2587,"date":"2018-04-27T21:10:00","date_gmt":"2018-04-28T00:10:00","guid":{"rendered":"http:\/\/blogdoedvaldomagalhaes.com.br\/index.php\/2018\/04\/27\/justica-suspende-aumento-da-conta-de\/"},"modified":"2019-02-09T02:11:10","modified_gmt":"2019-02-09T04:11:10","slug":"justica-suspende-aumento-da-conta-de","status":"publish","type":"post","link":"https:\/\/blogdoedvaldomagalhaes.com.br\/index.php\/2018\/04\/27\/justica-suspende-aumento-da-conta-de\/","title":{"rendered":"Justi\u00e7a suspende aumento da conta de Luz em Pernambuco"},"content":{"rendered":"<div class=\"separator\" style=\"clear: both; text-align: center;\">\n<a href=\"https:\/\/1.bp.blogspot.com\/-FIo-HoD6hJc\/WuORYhZOf4I\/AAAAAAAAvdw\/2jgpDvTh_8Ukp_Yl-7wI99N2XJqCw-z9ACLcBGAs\/s1600\/fe.jpg\" imageanchor=\"1\" style=\"margin-left: 1em; margin-right: 1em;\"><img loading=\"lazy\" decoding=\"async\" border=\"0\" data-original-height=\"292\" data-original-width=\"300\" height=\"622\" src=\"http:\/\/blogdoedvaldomagalhaes.com.br\/wp-content\/uploads\/2018\/04\/fe.jpg\" width=\"640\" \/><\/a><\/div>\n<div class=\"separator\" style=\"clear: both; text-align: center;\">\nFoto: Fernanda Oliveira\/R\u00e1dio Liberdade<\/div>\n<p><\/p>\n<div style=\"background-color: white; box-sizing: border-box; line-height: 24px; margin-bottom: 10px; text-align: justify;\">\nA 3\u00aa Vara da Justi\u00e7a de Pernambuco mandou suspender o aumento de 8,4% na conta de luz dos consumidores residenciais e de 9,9% na das ind\u00fastrias do Estado. O reajuste, anunciado esta semana pela Ag\u00eancia Nacional de Energia El\u00e9trica (Aneel), entraria em vigor neste domingo (29).<\/div>\n<div style=\"background-color: white; box-sizing: border-box; line-height: 24px; margin-bottom: 10px; text-align: justify;\">\nNa decis\u00e3o, o juiz Frederico Jos\u00e9 Pinto de Azevedo acata a a\u00e7\u00e3o do deputado Danilo Cabral, reconhecendo apenas o reajuste de 3% \u2013 equivalente ao acumulado da infla\u00e7\u00e3o em 2017.<\/div>\n<div style=\"background-color: white; box-sizing: border-box; line-height: 24px; margin-bottom: 10px; text-align: justify;\">\nO magistrado intima a Aneel e a Celpe para apresentar as raz\u00f5es do reajuste, em um prazo de 10 dias.&nbsp;A Companhia informou que ainda n\u00e3o foi notificada da decis\u00e3o.<\/div>\n","protected":false},"excerpt":{"rendered":"<p>Foto: Fernanda Oliveira\/R\u00e1dio Liberdade A 3\u00aa Vara da Justi\u00e7a de Pernambuco mandou suspender o aumento de 8,4% na conta de&hellip;<\/p>\n","protected":false},"author":1,"featured_media":0,"comment_status":"open","ping_status":"open","sticky":false,"template":"","format":"standard","meta":{"footnotes":""},"categories":[1],"tags":[2831,2,2832,2833,6],"class_list":["post-2587","post","type-post","status-publish","format-standard","hentry","category-sem-categoria","tag-aneel","tag-blog-do-edvaldo-magalhaes","tag-celpe","tag-justica-suspende-aumento-da-conta-de-luz-em-pernambuco","tag-noticias"],"_links":{"self":[{"href":"https:\/\/blogdoedvaldomagalhaes.com.br\/index.php\/wp-json\/wp\/v2\/posts\/2587","targetHints":{"allow":["GET"]}}],"collection":[{"href":"https:\/\/blogdoedvaldomagalhaes.com.br\/index.php\/wp-json\/wp\/v2\/posts"}],"about":[{"href":"https:\/\/blogdoedvaldomagalhaes.com.br\/index.php\/wp-json\/wp\/v2\/types\/post"}],"author":[{"embeddable":true,"href":"https:\/\/blogdoedvaldomagalhaes.com.br\/index.php\/wp-json\/wp\/v2\/users\/1"}],"replies":[{"embeddable":true,"href":"https:\/\/blogdoedvaldomagalhaes.com.br\/index.php\/wp-json\/wp\/v2\/comments?post=2587"}],"version-history":[{"count":1,"href":"https:\/\/blogdoedvaldomagalhaes.com.br\/index.php\/wp-json\/wp\/v2\/posts\/2587\/revisions"}],"predecessor-version":[{"id":30212,"href":"https:\/\/blogdoedvaldomagalhaes.com.br\/index.php\/wp-json\/wp\/v2\/posts\/2587\/revisions\/30212"}],"wp:attachment":[{"href":"https:\/\/blogdoedvaldomagalhaes.com.br\/index.php\/wp-json\/wp\/v2\/media?parent=2587"}],"wp:term":[{"taxonomy":"category","embeddable":true,"href":"https:\/\/blogdoedvaldomagalhaes.com.br\/index.php\/wp-json\/wp\/v2\/categories?post=2587"},{"taxonomy":"post_tag","embeddable":true,"href":"https:\/\/blogdoedvaldomagalhaes.com.br\/index.php\/wp-json\/wp\/v2\/tags?post=2587"}],"curies":[{"name":"wp","href":"https:\/\/api.w.org\/{rel}","templated":true}]}}