{"id":2586,"date":"2018-04-27T21:12:00","date_gmt":"2018-04-28T00:12:00","guid":{"rendered":"http:\/\/blogdoedvaldomagalhaes.com.br\/index.php\/2018\/04\/27\/mais-uma-radio-e-alvo-de-bandidos-no\/"},"modified":"2019-02-09T02:11:15","modified_gmt":"2019-02-09T04:11:15","slug":"mais-uma-radio-e-alvo-de-bandidos-no","status":"publish","type":"post","link":"https:\/\/blogdoedvaldomagalhaes.com.br\/index.php\/2018\/04\/27\/mais-uma-radio-e-alvo-de-bandidos-no\/","title":{"rendered":"Mais uma r\u00e1dio \u00e9 alvo de bandidos no Agreste de Pernambuco"},"content":{"rendered":"<div class=\"separator\" style=\"clear: both; text-align: center;\">\n<a href=\"https:\/\/1.bp.blogspot.com\/-fZdvsH0oilQ\/WuOSJg9hJ7I\/AAAAAAAAvd4\/gLSwMTJQwQ0n1tkgEw490fxVYEcXkTqngCLcBGAs\/s1600\/r%25C3%25A1sdio.jpeg\" imageanchor=\"1\" style=\"margin-left: 1em; margin-right: 1em;\"><img loading=\"lazy\" decoding=\"async\" border=\"0\" data-original-height=\"199\" data-original-width=\"300\" height=\"422\" src=\"http:\/\/blogdoedvaldomagalhaes.com.br\/wp-content\/uploads\/2018\/04\/rC3A1sdio.jpeg\" width=\"640\" \/><\/a><\/div>\n<div class=\"separator\" style=\"clear: both; text-align: center;\">\nFotos: R\u00e1dio Comunidade Restaura\u00e7\u00e3o\/Divulga\u00e7\u00e3o<\/div>\n<div class=\"separator\" style=\"clear: both; text-align: center;\">\n<a href=\"https:\/\/1.bp.blogspot.com\/-Pq7b2JSlgaQ\/WuSAx56hPPI\/AAAAAAAAvhI\/akDBopxDypEo_74sJA0rT9-Ak3bmXgTQgCLcBGAs\/s1600\/1.jpg\" imageanchor=\"1\" style=\"margin-left: 1em; margin-right: 1em;\"><img loading=\"lazy\" decoding=\"async\" border=\"0\" data-original-height=\"960\" data-original-width=\"720\" height=\"640\" src=\"http:\/\/blogdoedvaldomagalhaes.com.br\/wp-content\/uploads\/2018\/04\/1-17.jpg\" width=\"480\" \/><\/a><\/div>\n<p><\/p>\n<div class=\"separator\" style=\"clear: both; text-align: center;\">\n<a href=\"https:\/\/2.bp.blogspot.com\/-YeuFNc_hftk\/WuSAy_Ef40I\/AAAAAAAAvhM\/eAqST9QovUEtCP9foOlQRvIiLpJy9kFqgCLcBGAs\/s1600\/2.jpg\" imageanchor=\"1\" style=\"margin-left: 1em; margin-right: 1em;\"><img loading=\"lazy\" decoding=\"async\" border=\"0\" data-original-height=\"960\" data-original-width=\"720\" height=\"640\" src=\"http:\/\/blogdoedvaldomagalhaes.com.br\/wp-content\/uploads\/2018\/04\/2-14.jpg\" width=\"480\" \/><\/a><\/div>\n<div class=\"separator\" style=\"clear: both; text-align: center;\">\n<\/div>\n<div style=\"background-color: white; box-sizing: border-box; line-height: 24px; margin-bottom: 10px; text-align: justify;\">\nMais uma emissora de r\u00e1dio foi alvo da marginalidade no Agreste de Pernambuco. Desta vez, bandidos invadiram a R\u00e1dio Cat\u00f3lica, em Encruzilhada de S\u00e3o Jo\u00e3o, Bezerros, nesta sexta-feira (27).<\/p>\n<div class=\"separator\" style=\"clear: both; text-align: center;\">\n<a href=\"https:\/\/3.bp.blogspot.com\/-3BsqfO0ST6w\/WuSA3g64tWI\/AAAAAAAAvhQ\/rzcbCQehl6gjBmH1l4uqdMkdj_gMyy5GQCLcBGAs\/s1600\/3.jpg\" imageanchor=\"1\" style=\"margin-left: 1em; margin-right: 1em;\"><img loading=\"lazy\" decoding=\"async\" border=\"0\" data-original-height=\"960\" data-original-width=\"720\" height=\"640\" src=\"http:\/\/blogdoedvaldomagalhaes.com.br\/wp-content\/uploads\/2018\/04\/3-10.jpg\" width=\"480\" \/><\/a><\/div>\n<p><\/p>\n<div class=\"separator\" style=\"clear: both; text-align: center;\">\n<a href=\"https:\/\/2.bp.blogspot.com\/-PSx6nJkTHxI\/WuSA4gMdtpI\/AAAAAAAAvhU\/75nER28i2I4RrBLOijoZW9Vtja1US3BcwCLcBGAs\/s1600\/4.jpg\" imageanchor=\"1\" style=\"margin-left: 1em; margin-right: 1em;\"><img loading=\"lazy\" decoding=\"async\" border=\"0\" data-original-height=\"960\" data-original-width=\"720\" height=\"640\" src=\"http:\/\/blogdoedvaldomagalhaes.com.br\/wp-content\/uploads\/2018\/04\/4-8.jpg\" width=\"480\" \/><\/a><\/div>\n<p><\/div>\n<div style=\"background-color: white; box-sizing: border-box; line-height: 24px; margin-bottom: 10px; text-align: justify;\">\nDe acordo com a Comunidade Cat\u00f3lica Restaura\u00e7\u00e3o, os criminosos queimaram objetivos e roubaram equipamentos. Um Boletim de Ocorr\u00eancia (BO) foi registrado na Delegacia de Bezerros.<\/p>\n<div class=\"separator\" style=\"clear: both; text-align: center;\">\n<a href=\"https:\/\/2.bp.blogspot.com\/-56w3hfH_EZc\/WuSA9fGuyCI\/AAAAAAAAvhY\/_wfZoYf_u3UATZF_awETnbRG0xZSUEjngCLcBGAs\/s1600\/5.jpg\" imageanchor=\"1\" style=\"margin-left: 1em; margin-right: 1em;\"><img loading=\"lazy\" decoding=\"async\" border=\"0\" data-original-height=\"960\" data-original-width=\"720\" height=\"640\" src=\"http:\/\/blogdoedvaldomagalhaes.com.br\/wp-content\/uploads\/2018\/04\/5-4.jpg\" width=\"480\" \/><\/a><\/div>\n<p><\/p>\n<div class=\"separator\" style=\"clear: both; text-align: center;\">\n<a href=\"https:\/\/2.bp.blogspot.com\/-g-3LdJ8lc7I\/WuSA-XW53xI\/AAAAAAAAvhc\/NR9bhL8SKUsOfpoPkA1HZD0Dtzkd90WzACLcBGAs\/s1600\/6.jpg\" imageanchor=\"1\" style=\"margin-left: 1em; margin-right: 1em;\"><img loading=\"lazy\" decoding=\"async\" border=\"0\" data-original-height=\"960\" data-original-width=\"720\" height=\"640\" src=\"http:\/\/blogdoedvaldomagalhaes.com.br\/wp-content\/uploads\/2018\/04\/6-6.jpg\" width=\"480\" \/><\/a><\/div>\n<p><\/div>\n<div style=\"background-color: white; box-sizing: border-box; line-height: 24px; margin-bottom: 10px; text-align: justify;\">\nNo dia 17 de abril, um homem armado entrou no pr\u00e9dio da R\u00e1dio Cultura, em Caruaru, e levou equipamentos. A pol\u00edcia investiga o caso na tentativa de prender o suspeito.<\/p>\n<div class=\"separator\" style=\"clear: both; text-align: center;\">\n<a href=\"https:\/\/3.bp.blogspot.com\/-zJrXzLnt1qs\/WuSBIPb4bGI\/AAAAAAAAvho\/Hh-kpz3ZjiMPU1pGQShfchmfC5fnbyRRgCLcBGAs\/s1600\/7.jpg\" imageanchor=\"1\" style=\"margin-left: 1em; margin-right: 1em;\"><img loading=\"lazy\" decoding=\"async\" border=\"0\" data-original-height=\"960\" data-original-width=\"720\" height=\"640\" src=\"http:\/\/blogdoedvaldomagalhaes.com.br\/wp-content\/uploads\/2018\/04\/7-6.jpg\" width=\"480\" \/><\/a><\/div>\n<p><\/p>\n<div class=\"separator\" style=\"clear: both; text-align: center;\">\n<a href=\"https:\/\/3.bp.blogspot.com\/-bv2J4gFS0n4\/WuSBJe-LBWI\/AAAAAAAAvhw\/ukfmXPZMq3gQgUMC4ym2NM6hZYPZxdiEQCLcBGAs\/s1600\/8.jpg\" imageanchor=\"1\" style=\"margin-left: 1em; margin-right: 1em;\"><img loading=\"lazy\" decoding=\"async\" border=\"0\" data-original-height=\"960\" data-original-width=\"720\" height=\"640\" src=\"http:\/\/blogdoedvaldomagalhaes.com.br\/wp-content\/uploads\/2018\/04\/8-3.jpg\" width=\"480\" \/><\/a><\/div>\n<p><\/p>\n<div class=\"separator\" style=\"clear: both; text-align: center;\">\n<a href=\"https:\/\/3.bp.blogspot.com\/-ZrdsXnyCzyM\/WuSBKaUeNGI\/AAAAAAAAvh0\/iX2WyBFJpn06ol4yLF5o2fZxekErvhbWwCLcBGAs\/s1600\/9.jpg\" imageanchor=\"1\" style=\"margin-left: 1em; margin-right: 1em;\"><img loading=\"lazy\" decoding=\"async\" border=\"0\" data-original-height=\"960\" data-original-width=\"720\" height=\"640\" src=\"http:\/\/blogdoedvaldomagalhaes.com.br\/wp-content\/uploads\/2018\/04\/9-2.jpg\" width=\"480\" \/><\/a><\/div>\n<p><\/p>\n<div class=\"separator\" style=\"clear: both; text-align: center;\">\n<a href=\"https:\/\/1.bp.blogspot.com\/--AoUkNrg5i0\/WuSBLXupyKI\/AAAAAAAAvh4\/spZaNMv0a8o-Q6are68LNzmWMNzdcFOXQCLcBGAs\/s1600\/10.jpg\" imageanchor=\"1\" style=\"margin-left: 1em; margin-right: 1em;\"><img loading=\"lazy\" decoding=\"async\" border=\"0\" data-original-height=\"960\" data-original-width=\"720\" height=\"640\" src=\"http:\/\/blogdoedvaldomagalhaes.com.br\/wp-content\/uploads\/2018\/04\/10-2.jpg\" width=\"480\" \/><\/a><\/div>\n<p><\/p>\n<div class=\"separator\" style=\"clear: both; text-align: center;\">\n<a href=\"https:\/\/4.bp.blogspot.com\/-F1YgRs2liEQ\/WuSBMsSBL2I\/AAAAAAAAvh8\/GYTqwSJWj4YB3HTPr4rEyfw0V4WbpRriQCLcBGAs\/s1600\/11.jpg\" imageanchor=\"1\" style=\"margin-left: 1em; margin-right: 1em;\"><img loading=\"lazy\" decoding=\"async\" border=\"0\" data-original-height=\"960\" data-original-width=\"720\" height=\"640\" src=\"http:\/\/blogdoedvaldomagalhaes.com.br\/wp-content\/uploads\/2018\/04\/11-1.jpg\" width=\"480\" \/><\/a><\/div>\n<p><\/p>\n<div class=\"separator\" style=\"clear: both; text-align: center;\">\n<a href=\"https:\/\/1.bp.blogspot.com\/-PS_aWqVqdao\/WuSBNoIiqpI\/AAAAAAAAviE\/dcTo8XAYQ8Au2ysrMSEt5ehdeBD0DaM2QCLcBGAs\/s1600\/12.jpg\" imageanchor=\"1\" style=\"margin-left: 1em; margin-right: 1em;\"><img loading=\"lazy\" decoding=\"async\" border=\"0\" data-original-height=\"960\" data-original-width=\"720\" height=\"640\" src=\"http:\/\/blogdoedvaldomagalhaes.com.br\/wp-content\/uploads\/2018\/04\/12-2.jpg\" width=\"480\" \/><\/a><\/div>\n<p><\/p>\n<div class=\"separator\" style=\"clear: both; text-align: center;\">\n<a href=\"https:\/\/1.bp.blogspot.com\/-OGu2qIcKCXw\/WuSBO-L8_mI\/AAAAAAAAviM\/vblzYWHxpvUMNMUyBZRBKb_sX8768zsCACLcBGAs\/s1600\/13.jpg\" imageanchor=\"1\" style=\"margin-left: 1em; margin-right: 1em;\"><img loading=\"lazy\" decoding=\"async\" border=\"0\" data-original-height=\"960\" data-original-width=\"720\" height=\"640\" src=\"http:\/\/blogdoedvaldomagalhaes.com.br\/wp-content\/uploads\/2018\/04\/13-2.jpg\" width=\"480\" \/><\/a><\/div>\n<p><\/div>\n<div style=\"background-color: white; box-sizing: border-box; line-height: 24px; margin-bottom: 10px; text-align: justify;\">\nFonte: R\u00e1dio Liberdade.<\/div>\n","protected":false},"excerpt":{"rendered":"<p>Fotos: R\u00e1dio Comunidade Restaura\u00e7\u00e3o\/Divulga\u00e7\u00e3o Mais uma emissora de r\u00e1dio foi alvo da marginalidade no Agreste de Pernambuco. Desta vez, bandidos&hellip;<\/p>\n","protected":false},"author":1,"featured_media":0,"comment_status":"open","ping_status":"open","sticky":false,"template":"","format":"standard","meta":{"footnotes":""},"categories":[1],"tags":[1548,2,2828,2829,13,2830],"class_list":["post-2586","post","type-post","status-publish","format-standard","hentry","category-sem-categoria","tag-bezerros","tag-blog-do-edvaldo-magalhaes","tag-encruzilhada-de-sao-joao","tag-mais-uma-radio-e-alvo-de-bandidos-no-agreste-de-pernambuco","tag-policial","tag-radio-catolica"],"_links":{"self":[{"href":"https:\/\/blogdoedvaldomagalhaes.com.br\/index.php\/wp-json\/wp\/v2\/posts\/2586","targetHints":{"allow":["GET"]}}],"collection":[{"href":"https:\/\/blogdoedvaldomagalhaes.com.br\/index.php\/wp-json\/wp\/v2\/posts"}],"about":[{"href":"https:\/\/blogdoedvaldomagalhaes.com.br\/index.php\/wp-json\/wp\/v2\/types\/post"}],"author":[{"embeddable":true,"href":"https:\/\/blogdoedvaldomagalhaes.com.br\/index.php\/wp-json\/wp\/v2\/users\/1"}],"replies":[{"embeddable":true,"href":"https:\/\/blogdoedvaldomagalhaes.com.br\/index.php\/wp-json\/wp\/v2\/comments?post=2586"}],"version-history":[{"count":1,"href":"https:\/\/blogdoedvaldomagalhaes.com.br\/index.php\/wp-json\/wp\/v2\/posts\/2586\/revisions"}],"predecessor-version":[{"id":30227,"href":"https:\/\/blogdoedvaldomagalhaes.com.br\/index.php\/wp-json\/wp\/v2\/posts\/2586\/revisions\/30227"}],"wp:attachment":[{"href":"https:\/\/blogdoedvaldomagalhaes.com.br\/index.php\/wp-json\/wp\/v2\/media?parent=2586"}],"wp:term":[{"taxonomy":"category","embeddable":true,"href":"https:\/\/blogdoedvaldomagalhaes.com.br\/index.php\/wp-json\/wp\/v2\/categories?post=2586"},{"taxonomy":"post_tag","embeddable":true,"href":"https:\/\/blogdoedvaldomagalhaes.com.br\/index.php\/wp-json\/wp\/v2\/tags?post=2586"}],"curies":[{"name":"wp","href":"https:\/\/api.w.org\/{rel}","templated":true}]}}